{"id":17306,"date":"2021-07-09T12:09:54","date_gmt":"2021-07-09T12:09:54","guid":{"rendered":"https:\/\/oparanews.com.br\/?p=17306"},"modified":"2021-07-09T12:09:54","modified_gmt":"2021-07-09T12:09:54","slug":"telhado-de-casa-desaba-sobre-idosa-em-penedo","status":"publish","type":"post","link":"https:\/\/www.oparanews.com.br\/index.php\/2021\/07\/09\/telhado-de-casa-desaba-sobre-idosa-em-penedo\/","title":{"rendered":"Telhado de casa desaba sobre idosa em Penedo"},"content":{"rendered":"<p>O telhado de uma casa desabou sobre uma idosa de 68 anos em Penedo, regi\u00e3o do Baixo S\u00e3o Francisco, na madrugada desta sexta-feira (9).<\/p>\n<p>O Corpo de Bombeiros foi acionado e encontrou a idosa em uma cama coberta por peda\u00e7os de madeira. Segundo a guarni\u00e7\u00e3o, ela n\u00e3o aparentava ter ferimentos.<\/p>\n<p>A idosa foi encaminhada para a Unidade de Pronto Atendimento (UPA) de Penedo, para receber os cuidados m\u00e9dicos.<\/p>\n<p>At\u00e9 o momento, n\u00e3o se sabe o que pode ter causado o desabamento.<\/p>\n<p>&nbsp;<\/p>\n<p><strong>Fonte: G1\/AL<\/strong><\/p>\n<p>&nbsp;<\/p>\n","protected":false},"excerpt":{"rendered":"<p>O telhado de uma casa desabou sobre uma idosa de 68 anos em Penedo, regi\u00e3o do Baixo S\u00e3o Francisco, na madrugada desta sexta-feira (9). O Corpo de Bombeiros foi acionado e encontrou a idosa em uma cama coberta por peda\u00e7os de madeira. Segundo a guarni\u00e7\u00e3o, ela n\u00e3o aparentava ter ferimentos. A idosa foi encaminhada para &hellip;<\/p>\n","protected":false},"author":1,"featured_media":17307,"comment_status":"closed","ping_status":"closed","sticky":false,"template":"","format":"standard","meta":{"_jetpack_newsletter_access":"","_jetpack_dont_email_post_to_subs":false,"_jetpack_newsletter_tier_id":0,"_jetpack_memberships_contains_paywalled_content":false,"_jetpack_memberships_contains_paid_content":false,"footnotes":""},"categories":[1],"tags":[],"class_list":["post-17306","post","type-post","status-publish","format-standard","has-post-thumbnail","hentry","category-destaque"],"jetpack_sharing_enabled":true,"jetpack_featured_media_url":"","_links":{"self":[{"href":"https:\/\/www.oparanews.com.br\/index.php\/wp-json\/wp\/v2\/posts\/17306","targetHints":{"allow":["GET"]}}],"collection":[{"href":"https:\/\/www.oparanews.com.br\/index.php\/wp-json\/wp\/v2\/posts"}],"about":[{"href":"https:\/\/www.oparanews.com.br\/index.php\/wp-json\/wp\/v2\/types\/post"}],"author":[{"embeddable":true,"href":"https:\/\/www.oparanews.com.br\/index.php\/wp-json\/wp\/v2\/users\/1"}],"replies":[{"embeddable":true,"href":"https:\/\/www.oparanews.com.br\/index.php\/wp-json\/wp\/v2\/comments?post=17306"}],"version-history":[{"count":0,"href":"https:\/\/www.oparanews.com.br\/index.php\/wp-json\/wp\/v2\/posts\/17306\/revisions"}],"wp:attachment":[{"href":"https:\/\/www.oparanews.com.br\/index.php\/wp-json\/wp\/v2\/media?parent=17306"}],"wp:term":[{"taxonomy":"category","embeddable":true,"href":"https:\/\/www.oparanews.com.br\/index.php\/wp-json\/wp\/v2\/categories?post=17306"},{"taxonomy":"post_tag","embeddable":true,"href":"https:\/\/www.oparanews.com.br\/index.php\/wp-json\/wp\/v2\/tags?post=17306"}],"curies":[{"name":"wp","href":"https:\/\/api.w.org\/{rel}","templated":true}]}}