{"id":17312,"date":"2021-07-09T13:04:19","date_gmt":"2021-07-09T13:04:19","guid":{"rendered":"https:\/\/oparanews.com.br\/?p=17312"},"modified":"2021-07-09T13:04:19","modified_gmt":"2021-07-09T13:04:19","slug":"prefeitura-cede-a-conmebol-e-decidi-liberar-10-de-publico-para-a-final-de-brasil-x-argentina-na-copa-america","status":"publish","type":"post","link":"https:\/\/www.oparanews.com.br\/index.php\/2021\/07\/09\/prefeitura-cede-a-conmebol-e-decidi-liberar-10-de-publico-para-a-final-de-brasil-x-argentina-na-copa-america\/","title":{"rendered":"Prefeitura cede \u00e0 Conmebol e decidi liberar 10% de p\u00fablico para a final de Brasil x Argentina na Copa Am\u00e9rica"},"content":{"rendered":"<p>A Prefeitura do Rio de Janeiro cedeu \u00e0 Conmebol e o Maracan\u00e3 ter\u00e1 p\u00fablico de convidados na final da Copa Am\u00e9rica. A presen\u00e7a desses torcedores ser\u00e1 limitada a 10% da capacidade do est\u00e1dio. O jogo entre Brasil e Argentina ser\u00e1 realizado no pr\u00f3ximo s\u00e1bado, \u00e0s 21h (de Bras\u00edlia).<\/p>\n<p>A prefeitura do Rio de Janeiro informou que libera\u00e7\u00e3o acontece em car\u00e1ter excepcional: a presen\u00e7a dos torcedores ficar\u00e1 limitada a 10% da capacidade de cada setor do est\u00e1dio, que tem capacidade para 78 mil pessoas. Na \u00faltima final da Copa Am\u00e9rica, a lota\u00e7\u00e3o m\u00e1xima foi de 60 mil pessoas.<\/p>\n<p>O p\u00fablico, sentado, dever\u00e1 respeitar um espa\u00e7amento m\u00ednimo de dois metros entre cada pessoa ou fam\u00edlia. A organizadora do evento, a Conmebol, ficar\u00e1 respons\u00e1vel pelo teste de Covid-19 em todos que entrarem no est\u00e1dio dentro das 48 horas anteriores ao jogo: quem testar positivo, n\u00e3o pode entrar.<\/p>\n<p>O prefeito Eduardo Paes tentou separar esta libera\u00e7\u00e3o em rela\u00e7\u00e3o \u00e0 final da Copa Libertadores, em fevereiro, quando o Rio multou a Conmebol por conta de aglomera\u00e7\u00e3o no Maracan\u00e3. Paes negou que recebeu press\u00e3o da entidade para abrir os port\u00f5es do est\u00e1dio desta vez.<\/p>\n<p>&#8211; A gente teve a final da Copa Libertadores, liberamos para que tivesse 5 mil convidados. Eles concentraram todos em um s\u00f3 setor do Maracan\u00e3, o que foi um problema, a Prefeitura multou. A mudan\u00e7a \u00e9 essa: 10% de cada setor do est\u00e1dio, com um espa\u00e7amento grande entre as pessoas. S\u00e3o todos convidados da Conmebol e ser\u00e3o testados &#8211; disse o prefeito.<\/p>\n<p>&#8211; Para ser honesto, n\u00e3o recebi press\u00e3o nenhuma. N\u00e3o conhe\u00e7o ningu\u00e9m da Conmebol e nem da CBF. Soube pela imprensa da solicita\u00e7\u00e3o, a secretaria de sa\u00fade tomou a decis\u00e3o com toda a liberdade. N\u00e3o houve qualquer tipo de press\u00e3o. As regras s\u00e3o bastante aceit\u00e1veis. A gente n\u00e3o v\u00ea problema &#8211; completou.<\/p>\n<p>O secret\u00e1rio municipal de sa\u00fade, Daniel Soranz, revelou que a Conmebol queria, em uma primeira solicita\u00e7\u00e3o, liberar metade do est\u00e1dio, o que n\u00e3o foi aceito pela prefeitura.<\/p>\n<p>&#8211; O pedido inicial da Copa Am\u00e9rica para a Prefeitura era realizar com 50% de p\u00fablico, e a gente n\u00e3o acha adequado. Liberamos 10% de cada setor do est\u00e1dio, para evitar aglomera\u00e7\u00e3o. Todas as pessoas ter\u00e3o o ambiente controlado por testagem e separada por dois metros para n\u00e3o ter aglomera\u00e7\u00e3o &#8211; explicou.<\/p>\n<p>&#8211; N\u00e3o deixa de ser um evento teste para n\u00f3s, neste momento em que as not\u00edcias j\u00e1 s\u00e3o melhores. E a gente come\u00e7a, se Deus quiser, a viver uma transi\u00e7\u00e3o &#8211; completou o prefeito Paes.<\/p>\n<p><strong>H\u00e1 dois meses, multa na final do Carioca<\/strong><\/p>\n<p>A libera\u00e7\u00e3o da prefeitura do Rio acontece menos de dois meses depois da proibi\u00e7\u00e3o de convidados na final do Carioca, entre Flamengo e Fluminense. Na ocasi\u00e3o, depois de 150 convidados na decis\u00e3o, a Secretaria Municipal de Sa\u00fade do Rio de Janeiro anunciou multa na administra\u00e7\u00e3o do Maracan\u00e3 em R$ 14.060,72 pela presen\u00e7a de p\u00fablico no primeiro jogo da final.<\/p>\n","protected":false},"excerpt":{"rendered":"<p>A Prefeitura do Rio de Janeiro cedeu \u00e0 Conmebol e o Maracan\u00e3 ter\u00e1 p\u00fablico de convidados na final da Copa Am\u00e9rica. A presen\u00e7a desses torcedores ser\u00e1 limitada a 10% da capacidade do est\u00e1dio. O jogo entre Brasil e Argentina ser\u00e1 realizado no pr\u00f3ximo s\u00e1bado, \u00e0s 21h (de Bras\u00edlia). A prefeitura do Rio de Janeiro informou &hellip;<\/p>\n","protected":false},"author":1,"featured_media":2628,"comment_status":"closed","ping_status":"closed","sticky":false,"template":"","format":"standard","meta":{"_jetpack_newsletter_access":"","_jetpack_dont_email_post_to_subs":false,"_jetpack_newsletter_tier_id":0,"_jetpack_memberships_contains_paywalled_content":false,"_jetpack_memberships_contains_paid_content":false,"footnotes":""},"categories":[1],"tags":[],"class_list":["post-17312","post","type-post","status-publish","format-standard","has-post-thumbnail","hentry","category-destaque"],"jetpack_sharing_enabled":true,"jetpack_featured_media_url":"","_links":{"self":[{"href":"https:\/\/www.oparanews.com.br\/index.php\/wp-json\/wp\/v2\/posts\/17312","targetHints":{"allow":["GET"]}}],"collection":[{"href":"https:\/\/www.oparanews.com.br\/index.php\/wp-json\/wp\/v2\/posts"}],"about":[{"href":"https:\/\/www.oparanews.com.br\/index.php\/wp-json\/wp\/v2\/types\/post"}],"author":[{"embeddable":true,"href":"https:\/\/www.oparanews.com.br\/index.php\/wp-json\/wp\/v2\/users\/1"}],"replies":[{"embeddable":true,"href":"https:\/\/www.oparanews.com.br\/index.php\/wp-json\/wp\/v2\/comments?post=17312"}],"version-history":[{"count":0,"href":"https:\/\/www.oparanews.com.br\/index.php\/wp-json\/wp\/v2\/posts\/17312\/revisions"}],"wp:attachment":[{"href":"https:\/\/www.oparanews.com.br\/index.php\/wp-json\/wp\/v2\/media?parent=17312"}],"wp:term":[{"taxonomy":"category","embeddable":true,"href":"https:\/\/www.oparanews.com.br\/index.php\/wp-json\/wp\/v2\/categories?post=17312"},{"taxonomy":"post_tag","embeddable":true,"href":"https:\/\/www.oparanews.com.br\/index.php\/wp-json\/wp\/v2\/tags?post=17312"}],"curies":[{"name":"wp","href":"https:\/\/api.w.org\/{rel}","templated":true}]}}