{"id":17320,"date":"2021-07-09T13:18:32","date_gmt":"2021-07-09T13:18:32","guid":{"rendered":"https:\/\/oparanews.com.br\/?p=17320"},"modified":"2021-07-09T13:18:32","modified_gmt":"2021-07-09T13:18:32","slug":"luciano-szafir-apresenta-nova-piora-e-e-transferido-para-outro-hospital","status":"publish","type":"post","link":"https:\/\/www.oparanews.com.br\/index.php\/2021\/07\/09\/luciano-szafir-apresenta-nova-piora-e-e-transferido-para-outro-hospital\/","title":{"rendered":"Luciano Szafir apresenta nova piora e \u00e9 transferido para outro hospital"},"content":{"rendered":"<p>Luciano Szafir teve uma nova piora no seu estado de sa\u00fade e a equipe m\u00e9dica decidiu transferi-lo de hospital. O ator fez uma colostomia no Samaritano da Barra da Tijuca, na quarta-feira (7) e precisou ser intubado. Como o seu estado de sa\u00fade \u00e9 grav\u00edssimo, os m\u00e9dicos optaram por uma transfer\u00eancia para o Copa Star.<\/p>\n<p>Szafir foi diagnosticado com Covid-19 pela segunda vez e foi internado no dia 22 de junho. Na sua primeira infec\u00e7\u00e3o, em fevereiro, ele teve apenas sintomas leves.<\/p>\n<p>&nbsp;<\/p>\n<p><strong>Fonte: IG<\/strong><\/p>\n<p>&nbsp;<\/p>\n","protected":false},"excerpt":{"rendered":"<p>Luciano Szafir teve uma nova piora no seu estado de sa\u00fade e a equipe m\u00e9dica decidiu transferi-lo de hospital. O ator fez uma colostomia no Samaritano da Barra da Tijuca, na quarta-feira (7) e precisou ser intubado. Como o seu estado de sa\u00fade \u00e9 grav\u00edssimo, os m\u00e9dicos optaram por uma transfer\u00eancia para o Copa Star. &hellip;<\/p>\n","protected":false},"author":1,"featured_media":17321,"comment_status":"closed","ping_status":"closed","sticky":false,"template":"","format":"standard","meta":{"_jetpack_newsletter_access":"","_jetpack_dont_email_post_to_subs":false,"_jetpack_newsletter_tier_id":0,"_jetpack_memberships_contains_paywalled_content":false,"_jetpack_memberships_contains_paid_content":false,"footnotes":""},"categories":[1],"tags":[],"class_list":["post-17320","post","type-post","status-publish","format-standard","has-post-thumbnail","hentry","category-destaque"],"jetpack_sharing_enabled":true,"jetpack_featured_media_url":"","_links":{"self":[{"href":"https:\/\/www.oparanews.com.br\/index.php\/wp-json\/wp\/v2\/posts\/17320","targetHints":{"allow":["GET"]}}],"collection":[{"href":"https:\/\/www.oparanews.com.br\/index.php\/wp-json\/wp\/v2\/posts"}],"about":[{"href":"https:\/\/www.oparanews.com.br\/index.php\/wp-json\/wp\/v2\/types\/post"}],"author":[{"embeddable":true,"href":"https:\/\/www.oparanews.com.br\/index.php\/wp-json\/wp\/v2\/users\/1"}],"replies":[{"embeddable":true,"href":"https:\/\/www.oparanews.com.br\/index.php\/wp-json\/wp\/v2\/comments?post=17320"}],"version-history":[{"count":0,"href":"https:\/\/www.oparanews.com.br\/index.php\/wp-json\/wp\/v2\/posts\/17320\/revisions"}],"wp:attachment":[{"href":"https:\/\/www.oparanews.com.br\/index.php\/wp-json\/wp\/v2\/media?parent=17320"}],"wp:term":[{"taxonomy":"category","embeddable":true,"href":"https:\/\/www.oparanews.com.br\/index.php\/wp-json\/wp\/v2\/categories?post=17320"},{"taxonomy":"post_tag","embeddable":true,"href":"https:\/\/www.oparanews.com.br\/index.php\/wp-json\/wp\/v2\/tags?post=17320"}],"curies":[{"name":"wp","href":"https:\/\/api.w.org\/{rel}","templated":true}]}}