{"id":17323,"date":"2021-07-09T15:03:46","date_gmt":"2021-07-09T15:03:46","guid":{"rendered":"https:\/\/oparanews.com.br\/?p=17323"},"modified":"2021-07-09T15:03:46","modified_gmt":"2021-07-09T15:03:46","slug":"penedo-mais-verde-faz-plantio-na-orla-do-barro-vermelho","status":"publish","type":"post","link":"https:\/\/www.oparanews.com.br\/index.php\/2021\/07\/09\/penedo-mais-verde-faz-plantio-na-orla-do-barro-vermelho\/","title":{"rendered":"Penedo Mais Verde faz plantio na orla do Barro Vermelho"},"content":{"rendered":"<p>O Projeto Penedo Mais Verde vai tornar um dos cart\u00f5es postais da cidade hist\u00f3rica mais bonito e agrad\u00e1vel. O espa\u00e7o revitalizado durante o governo Marcius Beltr\u00e3o\/Ronaldo Lopes ganhou mudas de \u00e1rvores nativas.<\/p>\n<p>O trabalho desenvolvido em parceria entre o IMA Alagoas e a Secretaria Municipal de Meio Ambiente e Recursos H\u00eddricos (Semarh) amplia a arboriza\u00e7\u00e3o da orla do primeiro bairro de Penedo, o Santo Ant\u00f4nio ou Barro Vermelho \u2013 como \u00e9 mais conhecido.<\/p>\n<p>Al\u00e9m do \u00f3rg\u00e3o estadual de prote\u00e7\u00e3o ambiental, o Projeto Penedo Mais Verde conta com parceria de empresa privada instalada no munic\u00edpio.<\/p>\n<p>\u201cN\u00f3s recebemos a doa\u00e7\u00e3o de 300 mudas de \u00e1rvores nativas da Mata Atl\u00e2ntica e vamos plantar no bairro Raimundo Marinho\u201d, explica o gestor da Semarh Penedo, Gustavo de Alencar Freitas sobre a a\u00e7\u00e3o no bairro que re\u00fane a maior quantidade de conjuntos habitacionais da cidade.<\/p>\n<p>Ele destaca tamb\u00e9m que o Projeto Penedo Mais Verde ser\u00e1 utilizado para que o percentual de pelo menos 20% de loteamentos e condom\u00ednios tenham \u00e1rea verde, conforme exige a legisla\u00e7\u00e3o.<\/p>\n<p>&nbsp;<\/p>\n<p><strong>por Fernando Vin\u00edcius \u2013 Decom PMP<\/strong><\/p>\n<p>&nbsp;<\/p>\n","protected":false},"excerpt":{"rendered":"<p>O Projeto Penedo Mais Verde vai tornar um dos cart\u00f5es postais da cidade hist\u00f3rica mais bonito e agrad\u00e1vel. O espa\u00e7o revitalizado durante o governo Marcius Beltr\u00e3o\/Ronaldo Lopes ganhou mudas de \u00e1rvores nativas. O trabalho desenvolvido em parceria entre o IMA Alagoas e a Secretaria Municipal de Meio Ambiente e Recursos H\u00eddricos (Semarh) amplia a arboriza\u00e7\u00e3o &hellip;<\/p>\n","protected":false},"author":1,"featured_media":17324,"comment_status":"closed","ping_status":"closed","sticky":false,"template":"","format":"standard","meta":{"_jetpack_newsletter_access":"","_jetpack_dont_email_post_to_subs":false,"_jetpack_newsletter_tier_id":0,"_jetpack_memberships_contains_paywalled_content":false,"_jetpack_memberships_contains_paid_content":false,"footnotes":""},"categories":[1],"tags":[],"class_list":["post-17323","post","type-post","status-publish","format-standard","has-post-thumbnail","hentry","category-destaque"],"jetpack_sharing_enabled":true,"jetpack_featured_media_url":"","_links":{"self":[{"href":"https:\/\/www.oparanews.com.br\/index.php\/wp-json\/wp\/v2\/posts\/17323","targetHints":{"allow":["GET"]}}],"collection":[{"href":"https:\/\/www.oparanews.com.br\/index.php\/wp-json\/wp\/v2\/posts"}],"about":[{"href":"https:\/\/www.oparanews.com.br\/index.php\/wp-json\/wp\/v2\/types\/post"}],"author":[{"embeddable":true,"href":"https:\/\/www.oparanews.com.br\/index.php\/wp-json\/wp\/v2\/users\/1"}],"replies":[{"embeddable":true,"href":"https:\/\/www.oparanews.com.br\/index.php\/wp-json\/wp\/v2\/comments?post=17323"}],"version-history":[{"count":0,"href":"https:\/\/www.oparanews.com.br\/index.php\/wp-json\/wp\/v2\/posts\/17323\/revisions"}],"wp:attachment":[{"href":"https:\/\/www.oparanews.com.br\/index.php\/wp-json\/wp\/v2\/media?parent=17323"}],"wp:term":[{"taxonomy":"category","embeddable":true,"href":"https:\/\/www.oparanews.com.br\/index.php\/wp-json\/wp\/v2\/categories?post=17323"},{"taxonomy":"post_tag","embeddable":true,"href":"https:\/\/www.oparanews.com.br\/index.php\/wp-json\/wp\/v2\/tags?post=17323"}],"curies":[{"name":"wp","href":"https:\/\/api.w.org\/{rel}","templated":true}]}}