{"id":17332,"date":"2021-07-10T02:57:10","date_gmt":"2021-07-10T02:57:10","guid":{"rendered":"https:\/\/oparanews.com.br\/?p=17332"},"modified":"2021-07-10T02:57:10","modified_gmt":"2021-07-10T02:57:10","slug":"csa-anuncia-ney-franco-como-novo-treinador","status":"publish","type":"post","link":"https:\/\/www.oparanews.com.br\/index.php\/2021\/07\/10\/csa-anuncia-ney-franco-como-novo-treinador\/","title":{"rendered":"CSA anuncia Ney Franco como novo treinador"},"content":{"rendered":"<p>Na noite desta sexta-feira (9), o CSA finalmente anunciou o seu novo treinador. Trata-se do experiente Ney Franco, de 54 anos, que estava sem clube desde que deixou o Cruzeiro em outubro do ano passado.<\/p>\n<p>Ney Franco \u00e9 um velho conhecido do futebol brasileiro. Ele foi campe\u00e3o da Copa do Brasil em 2006, venceu a S\u00e9rie B com o Coritiba em 2010, assim como da Copa Sul-Americana com o S\u00e3o Paulo em 2012. Franco ainda foi campe\u00e3o da Copa do Mundo sub-20 e do Sul-Americano, em 2011, comandando o Brasil. Al\u00e9m desses clubes, ele tamb\u00e9m tem passagens pelo Goi\u00e1s, Chapecoense, Sport, Vit\u00f3ria, Botafogo e Athletico Paranaense.<\/p>\n<p>Em contato com a Gazetaweb, Ney Franco falou sobre sua expectativa ao assumir o clube e que quer levar o Azul\u00e3o novamente \u00e0 S\u00e9rie A do Brasileir\u00e3o.<\/p>\n<p>&#8220;Minha expectativa \u00e9 de chegar no clube e fazer um trabalho de excel\u00eancia, com o objetivo de recolocar o CSA na primeira divis\u00e3o e, assim, dar alegria a grande na\u00e7\u00e3o Azulina&#8221;, afirmou o treinador.<\/p>\n<p>Segundo Ney, no momento que recebeu o contato do clube, logo acertou sua chegada. &#8220;R\u00e1pido. Quando me fizeram a sondagem, j\u00e1 me coloquei imediatamente disposto a pegar o projeto&#8221;, disse.<\/p>\n<p>O presidente Rafael Ten\u00f3rio rasgou elogios ao novo treinador. &#8220;O Ney Franco \u00e9 um profissional do mais alto n\u00edvel. O seu curr\u00edculo fala por si s\u00f3. Esperamos que ele possa fazer um grande trabalho aqui no CSA&#8221;, afirmou o cartola.<\/p>\n<p>Sem tempo h\u00e1bil para sua regulariza\u00e7\u00e3o, Ney Franco ainda n\u00e3o comandar\u00e1 a equipe na partida contra o Brusque, no pr\u00f3ximo domingo (11). A expectativa \u00e9 que ele fa\u00e7a sua estreia contra o Goi\u00e1s, no Rei Pel\u00e9, na pr\u00f3xima quarta (14), \u00e0s 19h.<\/p>\n<p>&nbsp;<\/p>\n<p><strong>por Rafael Reis &#8211; Gazetaweb<\/strong><\/p>\n<p>&nbsp;<\/p>\n","protected":false},"excerpt":{"rendered":"<p>Na noite desta sexta-feira (9), o CSA finalmente anunciou o seu novo treinador. Trata-se do experiente Ney Franco, de 54 anos, que estava sem clube desde que deixou o Cruzeiro em outubro do ano passado. Ney Franco \u00e9 um velho conhecido do futebol brasileiro. Ele foi campe\u00e3o da Copa do Brasil em 2006, venceu a &hellip;<\/p>\n","protected":false},"author":1,"featured_media":17333,"comment_status":"closed","ping_status":"closed","sticky":false,"template":"","format":"standard","meta":{"_jetpack_newsletter_access":"","_jetpack_dont_email_post_to_subs":false,"_jetpack_newsletter_tier_id":0,"_jetpack_memberships_contains_paywalled_content":false,"_jetpack_memberships_contains_paid_content":false,"footnotes":""},"categories":[1],"tags":[],"class_list":["post-17332","post","type-post","status-publish","format-standard","has-post-thumbnail","hentry","category-destaque"],"jetpack_sharing_enabled":true,"jetpack_featured_media_url":"","_links":{"self":[{"href":"https:\/\/www.oparanews.com.br\/index.php\/wp-json\/wp\/v2\/posts\/17332","targetHints":{"allow":["GET"]}}],"collection":[{"href":"https:\/\/www.oparanews.com.br\/index.php\/wp-json\/wp\/v2\/posts"}],"about":[{"href":"https:\/\/www.oparanews.com.br\/index.php\/wp-json\/wp\/v2\/types\/post"}],"author":[{"embeddable":true,"href":"https:\/\/www.oparanews.com.br\/index.php\/wp-json\/wp\/v2\/users\/1"}],"replies":[{"embeddable":true,"href":"https:\/\/www.oparanews.com.br\/index.php\/wp-json\/wp\/v2\/comments?post=17332"}],"version-history":[{"count":0,"href":"https:\/\/www.oparanews.com.br\/index.php\/wp-json\/wp\/v2\/posts\/17332\/revisions"}],"wp:attachment":[{"href":"https:\/\/www.oparanews.com.br\/index.php\/wp-json\/wp\/v2\/media?parent=17332"}],"wp:term":[{"taxonomy":"category","embeddable":true,"href":"https:\/\/www.oparanews.com.br\/index.php\/wp-json\/wp\/v2\/categories?post=17332"},{"taxonomy":"post_tag","embeddable":true,"href":"https:\/\/www.oparanews.com.br\/index.php\/wp-json\/wp\/v2\/tags?post=17332"}],"curies":[{"name":"wp","href":"https:\/\/api.w.org\/{rel}","templated":true}]}}