{"id":17358,"date":"2021-07-11T23:18:28","date_gmt":"2021-07-11T23:18:28","guid":{"rendered":"https:\/\/oparanews.com.br\/?p=17358"},"modified":"2021-07-11T23:18:28","modified_gmt":"2021-07-11T23:18:28","slug":"alagoas-confirma-mais-337-casos-e-16-mortes-por-covid","status":"publish","type":"post","link":"https:\/\/www.oparanews.com.br\/index.php\/2021\/07\/11\/alagoas-confirma-mais-337-casos-e-16-mortes-por-covid\/","title":{"rendered":"Alagoas confirma mais 337 casos e 16 mortes por Covid"},"content":{"rendered":"<p>Alagoas confirmou mais 337 casos e 16 mortes por Covid, segundo o boletim epidemiol\u00f3gico da Secretaria de Estado da Sa\u00fade (Sesau), divulgado neste domingo (11). A v\u00edtima mais jovem era um homem de 43 anos, sem comorbidades. Ele morava em Porto Real do Col\u00e9gio, no interior do estado.<\/p>\n<p>Desde o come\u00e7o da pandemia, foram registrados 223.464 casos confirmados e 5.530 \u00f3bitos de pessoas infectadas pelo coronav\u00edrus no estado.<\/p>\n<p>Do total de casos confirmados, 214.767 pacientes est\u00e3o recuperados e outros 2.638 ainda est\u00e3o em tratamento, mas n\u00e3o precisaram de interna\u00e7\u00e3o em hospital.<\/p>\n<p>O n\u00famero de casos suspeitos chegou a 9.979, mantendo a tend\u00eancia de queda das \u00faltimas semanas.<\/p>\n<p>A taxa de ocupa\u00e7\u00e3o de leitos de UTI Covid no estado chegou a 65% nesse s\u00e1bado (10), segundo boletim mais recente sobre ocupa\u00e7\u00e3o hospitalar.<\/p>\n<p><strong>Mais 16 mortes por Covid em Alagoas<\/strong><\/p>\n<p>Macei\u00f3: Homem, 54 anos &#8211; cardiopata, hipertenso, diab\u00e9tico e renal cr\u00f4nico<br \/>\nMacei\u00f3: Homem, 57 anos &#8211; sem comorbidades<br \/>\nMacei\u00f3: Homem, 61 anos &#8211; hipertenso<br \/>\nMacei\u00f3: Homem, 65 anos &#8211; obeso e hipertenso<br \/>\nMacei\u00f3: Homem, 81 anos &#8211; transtorno mental<br \/>\nMacei\u00f3: Homem, 89 anos &#8211; cardiopata, hipertenso e usava marcapasso<br \/>\nArapiraca: Homem, 55 anos &#8211; diab\u00e9tico e hipertenso<br \/>\nArapiraca: Mulher, 56 anos &#8211; sem comorbidades<br \/>\nArapiraca: Mulher, 84 anos &#8211; diabetes e doen\u00e7a cardiovascular cr\u00f4nica<br \/>\nPilar: Homem, 44 anos &#8211; obesidade e hipertens\u00e3o<br \/>\nPilar: Mulher, 60 anos &#8211; sem comorbidades<br \/>\nPorto Real do Col\u00e9gio: Homem, 43 anos &#8211; sem comorbidades<br \/>\nPorto Real do Col\u00e9gio: Homem, 57 anos &#8211; hipertenso<br \/>\nJaramataia: Mulher, 64 anos &#8211; doen\u00e7a cardiovascular cr\u00f4nica<br \/>\nLagoa da Canoa: Homem, 60 anos &#8211; diabetes<br \/>\nRio Largo: Homem, 60 anos &#8211; sem comorbidades<\/p>\n<p>&nbsp;<\/p>\n<p><strong>Fonte: G1\/AL<\/strong><\/p>\n<p>&nbsp;<\/p>\n","protected":false},"excerpt":{"rendered":"<p>Alagoas confirmou mais 337 casos e 16 mortes por Covid, segundo o boletim epidemiol\u00f3gico da Secretaria de Estado da Sa\u00fade (Sesau), divulgado neste domingo (11). A v\u00edtima mais jovem era um homem de 43 anos, sem comorbidades. Ele morava em Porto Real do Col\u00e9gio, no interior do estado. Desde o come\u00e7o da pandemia, foram registrados &hellip;<\/p>\n","protected":false},"author":1,"featured_media":8313,"comment_status":"closed","ping_status":"closed","sticky":false,"template":"","format":"standard","meta":{"_jetpack_newsletter_access":"","_jetpack_dont_email_post_to_subs":false,"_jetpack_newsletter_tier_id":0,"_jetpack_memberships_contains_paywalled_content":false,"_jetpack_memberships_contains_paid_content":false,"footnotes":""},"categories":[1],"tags":[],"class_list":["post-17358","post","type-post","status-publish","format-standard","has-post-thumbnail","hentry","category-destaque"],"jetpack_sharing_enabled":true,"jetpack_featured_media_url":"","_links":{"self":[{"href":"https:\/\/www.oparanews.com.br\/index.php\/wp-json\/wp\/v2\/posts\/17358","targetHints":{"allow":["GET"]}}],"collection":[{"href":"https:\/\/www.oparanews.com.br\/index.php\/wp-json\/wp\/v2\/posts"}],"about":[{"href":"https:\/\/www.oparanews.com.br\/index.php\/wp-json\/wp\/v2\/types\/post"}],"author":[{"embeddable":true,"href":"https:\/\/www.oparanews.com.br\/index.php\/wp-json\/wp\/v2\/users\/1"}],"replies":[{"embeddable":true,"href":"https:\/\/www.oparanews.com.br\/index.php\/wp-json\/wp\/v2\/comments?post=17358"}],"version-history":[{"count":0,"href":"https:\/\/www.oparanews.com.br\/index.php\/wp-json\/wp\/v2\/posts\/17358\/revisions"}],"wp:attachment":[{"href":"https:\/\/www.oparanews.com.br\/index.php\/wp-json\/wp\/v2\/media?parent=17358"}],"wp:term":[{"taxonomy":"category","embeddable":true,"href":"https:\/\/www.oparanews.com.br\/index.php\/wp-json\/wp\/v2\/categories?post=17358"},{"taxonomy":"post_tag","embeddable":true,"href":"https:\/\/www.oparanews.com.br\/index.php\/wp-json\/wp\/v2\/tags?post=17358"}],"curies":[{"name":"wp","href":"https:\/\/api.w.org\/{rel}","templated":true}]}}