{"id":17705,"date":"2021-07-24T01:02:02","date_gmt":"2021-07-24T01:02:02","guid":{"rendered":"https:\/\/oparanews.com.br\/?p=17705"},"modified":"2021-07-24T01:02:02","modified_gmt":"2021-07-24T01:02:02","slug":"brasil-supera-100-mil-casos-diarios-de-covid-pela-2a-vez","status":"publish","type":"post","link":"https:\/\/www.oparanews.com.br\/index.php\/2021\/07\/24\/brasil-supera-100-mil-casos-diarios-de-covid-pela-2a-vez\/","title":{"rendered":"Brasil supera 100 mil casos di\u00e1rios de covid pela 2\u00aa vez"},"content":{"rendered":"<p>Pela segunda vez desde o in\u00edcio da pandemia de covid-19, o Brasil superou a marca de 100 mil casos di\u00e1rios do novo coronav\u00edrus Sars-CoV-2 nesta sexta-feira (23). Ao todo, foram 108.732 cont\u00e1gios notificados no \u00faltimo per\u00edodo de 24 horas, elevando o total para 19.632.443, segundo o Conselho Nacional de Secret\u00e1rios de Sa\u00fade (Conass). O recorde anterior foi registrado no dia 23 de junho, com 115.228 novas infec\u00e7\u00f5es.<\/p>\n<p>A marca, por\u00e9m, foi atingida porque 63 mil casos represados do Rio Grande do Sul foram reportados hoje. Com a atualiza\u00e7\u00e3o, a m\u00e9dia m\u00f3vel de contamina\u00e7\u00f5es interrompeu uma sequ\u00eancia de queda observada desde o final do m\u00eas passado e subiu para 46.333.<\/p>\n<p>As mortes, por sua vez, continuam em queda, embora ainda em patamar elevado. De acordo com o boletim, o Brasil contabilizou mais 1.324 novas v\u00edtimas decorrentes da covid-19, totalizando 548.340 \u00f3bitos. J\u00e1 a m\u00e9dia m\u00f3vel de falecimento dos \u00faltimos sete dias est\u00e1 em 1.135, o menor \u00edndice desde 26 de fevereiro. A taxa de letalidade se mant\u00e9m em 2,8%, mas a de mortalidade continua subindo e est\u00e1 em 260,9 a cada 100 mil habitantes.<\/p>\n<p><strong>Cons\u00f3rcio de imprensa<\/strong><\/p>\n<p>O Brasil registrou 1.286 novas mortes pela covid-19 nesta sexta-feira enquanto a m\u00e9dia semanal de v\u00edtimas completa mais de um m\u00eas com tend\u00eancia de queda. Os dados di\u00e1rios do Brasil s\u00e3o do cons\u00f3rcio de ve\u00edculos de imprensa formado por Estad\u00e3o, G1, O Globo, Extra, Folha e UOL em parceria com 27 secretarias estaduais de Sa\u00fade,<\/p>\n<p>Desde 19 de junho, quando chegou a 2.096, o indicador que elimina distor\u00e7\u00f5es entre dias \u00fateis e fim de semana vem caindo com poucas oscila\u00e7\u00f5es e, hoje, ficou em 1.131, em patamar equivalente ao do final de fevereiro deste ano.<\/p>\n<p>Nesta sexta-feira, o n\u00famero de novas infec\u00e7\u00f5es notificadas foi de 106.181, ap\u00f3s um m\u00eas exatos abaixo dos 100 mil, ultrapassados pela \u00faltima vez em 23 de junho. Hoje, a maioria dos novos casos relatados vem do Rio Grande do Sul, que notificou 64.056 novos testes positivos para a covid-19. De acordo com a Secretaria da Sa\u00fade estadual, mais de 63 mil deles estavam represados no sistema e &#8220;nenhum desses era \u00f3bito&#8221;.<\/p>\n<p>No total, o Brasil tem 548.420 mortos e 19.630.273 casos da doen\u00e7a.<\/p>\n<p>O Estado de S\u00e3o Paulo registrou 428 mortes pelo coronav\u00edrus nas \u00faltimas 24 horas. Outros dois Estados tamb\u00e9m superaram a barreira de 100 \u00f3bitos no dia: Rio de Janeiro (189) e Minas Gerais (123).<\/p>\n<p>O balan\u00e7o de \u00f3bitos e casos \u00e9 resultado da parceria entre os seis meios de comunica\u00e7\u00e3o que passaram a trabalhar, desde 8 de junho do ano passado, de forma colaborativa para reunir as informa\u00e7\u00f5es necess\u00e1rias nos 26 Estados e no Distrito Federal. A iniciativa in\u00e9dita \u00e9 uma resposta \u00e0 decis\u00e3o do governo Bolsonaro de restringir o acesso a dados sobre a pandemia, mas foi mantida ap\u00f3s os registros governamentais continuarem a ser divulgados.<\/p>\n<p>O Minist\u00e9rio da Sa\u00fade informou que foram registrados 108.732 novos casos e mais 1.324 mortes pela covid-19 nas \u00faltimas 24 horas. No total, segundo a pasta, s\u00e3o 19.632.443 pessoas infectadas e 548.340 \u00f3bitos. Os n\u00fameros s\u00e3o diferentes do compilado pelo cons\u00f3rcio de ve\u00edculos de imprensa principalmente por causa do hor\u00e1rio de coleta dos dados.<\/p>\n<p>&nbsp;<\/p>\n<p><strong>Com informa\u00e7\u00f5es do Estad\u00e3o Conte\u00fado<\/strong><\/p>\n<p>&nbsp;<\/p>\n","protected":false},"excerpt":{"rendered":"<p>Pela segunda vez desde o in\u00edcio da pandemia de covid-19, o Brasil superou a marca de 100 mil casos di\u00e1rios do novo coronav\u00edrus Sars-CoV-2 nesta sexta-feira (23). Ao todo, foram 108.732 cont\u00e1gios notificados no \u00faltimo per\u00edodo de 24 horas, elevando o total para 19.632.443, segundo o Conselho Nacional de Secret\u00e1rios de Sa\u00fade (Conass). O recorde &hellip;<\/p>\n","protected":false},"author":1,"featured_media":17706,"comment_status":"closed","ping_status":"closed","sticky":false,"template":"","format":"standard","meta":{"_jetpack_newsletter_access":"","_jetpack_dont_email_post_to_subs":false,"_jetpack_newsletter_tier_id":0,"_jetpack_memberships_contains_paywalled_content":false,"_jetpack_memberships_contains_paid_content":false,"footnotes":""},"categories":[1],"tags":[],"class_list":["post-17705","post","type-post","status-publish","format-standard","has-post-thumbnail","hentry","category-destaque"],"jetpack_sharing_enabled":true,"jetpack_featured_media_url":"","_links":{"self":[{"href":"https:\/\/www.oparanews.com.br\/index.php\/wp-json\/wp\/v2\/posts\/17705","targetHints":{"allow":["GET"]}}],"collection":[{"href":"https:\/\/www.oparanews.com.br\/index.php\/wp-json\/wp\/v2\/posts"}],"about":[{"href":"https:\/\/www.oparanews.com.br\/index.php\/wp-json\/wp\/v2\/types\/post"}],"author":[{"embeddable":true,"href":"https:\/\/www.oparanews.com.br\/index.php\/wp-json\/wp\/v2\/users\/1"}],"replies":[{"embeddable":true,"href":"https:\/\/www.oparanews.com.br\/index.php\/wp-json\/wp\/v2\/comments?post=17705"}],"version-history":[{"count":0,"href":"https:\/\/www.oparanews.com.br\/index.php\/wp-json\/wp\/v2\/posts\/17705\/revisions"}],"wp:attachment":[{"href":"https:\/\/www.oparanews.com.br\/index.php\/wp-json\/wp\/v2\/media?parent=17705"}],"wp:term":[{"taxonomy":"category","embeddable":true,"href":"https:\/\/www.oparanews.com.br\/index.php\/wp-json\/wp\/v2\/categories?post=17705"},{"taxonomy":"post_tag","embeddable":true,"href":"https:\/\/www.oparanews.com.br\/index.php\/wp-json\/wp\/v2\/tags?post=17705"}],"curies":[{"name":"wp","href":"https:\/\/api.w.org\/{rel}","templated":true}]}}