{"id":17762,"date":"2021-07-26T17:36:26","date_gmt":"2021-07-26T17:36:26","guid":{"rendered":"https:\/\/oparanews.com.br\/?p=17762"},"modified":"2021-07-26T17:36:26","modified_gmt":"2021-07-26T17:36:26","slug":"secretaria-de-educacao-de-penedo-realiza-reunioes-com-alunos-da-eja-sobre-retorno-das-aulas-presenciais","status":"publish","type":"post","link":"https:\/\/www.oparanews.com.br\/index.php\/2021\/07\/26\/secretaria-de-educacao-de-penedo-realiza-reunioes-com-alunos-da-eja-sobre-retorno-das-aulas-presenciais\/","title":{"rendered":"Secretaria de Educa\u00e7\u00e3o de Penedo realiza reuni\u00f5es com alunos da EJA sobre retorno das aulas presenciais"},"content":{"rendered":"<p>Com a previs\u00e3o de retorno das aulas presenciais neste ano, a Secretaria Municipal de Educa\u00e7\u00e3o (SEMED) da Prefeitura de Penedo realiza visitas aos estudantes das turmas da modalidade Educa\u00e7\u00e3o de Jovens e adultos (EJA), nas zonas urbana e rural do munic\u00edpio.<\/p>\n<p>As visitas para essas turmas fazem parte dos trabalhos de prepara\u00e7\u00e3o para o retorno das aulas presenciais nas unidades de ensino. Al\u00e9m da EJA, tamb\u00e9m retornar\u00e3o ao ensino regular, as turmas do 5\u00ba ao 9\u00ba ano do ensino fundamental.<\/p>\n<p>De acordo com a SEMED, a coordena\u00e7\u00e3o da EJA est\u00e1 fazendo visita a todas as turmas da modalidade tanto na zona rural, quanto na sede do munic\u00edpio.<\/p>\n<p>Esse trabalho resultar\u00e1 em um diagn\u00f3stico do aprendizado desses alunos, durante o decorrer de 2021, no qual esses estudantes mantiveram suas atividades escolares por meio da modalidade de ensino on-line.<\/p>\n<p>Outro objetivo \u00e9 escutar os alunos e alunas, para saber sobre suas expectativas para o retorno as aulas, auxiliando os professores a adotarem estrat\u00e9gias, que reforcem o processo ensino- aprendizagem para essas turmas.<\/p>\n<p><strong>Visitas<\/strong><\/p>\n<p>A visitas come\u00e7aram pelos alunos da Escola Municipal de Educa\u00e7\u00e3o B\u00e1sica Hanna Bertolet, localizada no Povoado Santa Margarida, cujo a turma \u00e9 formada por 27 estudantes.<\/p>\n<p>O encontro foi realizado na resid\u00eancia de um dos estudantes no Povoado Espig\u00e3o, localidade situada nas proximidades da unidade de ensino.<\/p>\n<p>Ao total 267 alunos estudam na EJA; al\u00e9m da Escola Hanna Bertolet, a Secretaria de Educa\u00e7\u00e3o tamb\u00e9m mant\u00e9m essa modalidade de ensino nas escolas Manoel Soares, Manoel Tavares, Gloria Pimenteira e Helena de Oliveira.<\/p>\n<p>As turmas seguem o calend\u00e1rio de ensino estabelecido pela SEMED para toda a rede municipal de ensino.<\/p>\n<p>&nbsp;<\/p>\n<p><strong>por Thiago Sobral &#8211; Decom PMP<\/strong><\/p>\n<p>&nbsp;<\/p>\n","protected":false},"excerpt":{"rendered":"<p>Com a previs\u00e3o de retorno das aulas presenciais neste ano, a Secretaria Municipal de Educa\u00e7\u00e3o (SEMED) da Prefeitura de Penedo realiza visitas aos estudantes das turmas da modalidade Educa\u00e7\u00e3o de Jovens e adultos (EJA), nas zonas urbana e rural do munic\u00edpio. As visitas para essas turmas fazem parte dos trabalhos de prepara\u00e7\u00e3o para o retorno &hellip;<\/p>\n","protected":false},"author":1,"featured_media":17763,"comment_status":"closed","ping_status":"closed","sticky":false,"template":"","format":"standard","meta":{"_jetpack_newsletter_access":"","_jetpack_dont_email_post_to_subs":false,"_jetpack_newsletter_tier_id":0,"_jetpack_memberships_contains_paywalled_content":false,"_jetpack_memberships_contains_paid_content":false,"footnotes":""},"categories":[1],"tags":[],"class_list":["post-17762","post","type-post","status-publish","format-standard","has-post-thumbnail","hentry","category-destaque"],"jetpack_sharing_enabled":true,"jetpack_featured_media_url":"","_links":{"self":[{"href":"https:\/\/www.oparanews.com.br\/index.php\/wp-json\/wp\/v2\/posts\/17762","targetHints":{"allow":["GET"]}}],"collection":[{"href":"https:\/\/www.oparanews.com.br\/index.php\/wp-json\/wp\/v2\/posts"}],"about":[{"href":"https:\/\/www.oparanews.com.br\/index.php\/wp-json\/wp\/v2\/types\/post"}],"author":[{"embeddable":true,"href":"https:\/\/www.oparanews.com.br\/index.php\/wp-json\/wp\/v2\/users\/1"}],"replies":[{"embeddable":true,"href":"https:\/\/www.oparanews.com.br\/index.php\/wp-json\/wp\/v2\/comments?post=17762"}],"version-history":[{"count":0,"href":"https:\/\/www.oparanews.com.br\/index.php\/wp-json\/wp\/v2\/posts\/17762\/revisions"}],"wp:attachment":[{"href":"https:\/\/www.oparanews.com.br\/index.php\/wp-json\/wp\/v2\/media?parent=17762"}],"wp:term":[{"taxonomy":"category","embeddable":true,"href":"https:\/\/www.oparanews.com.br\/index.php\/wp-json\/wp\/v2\/categories?post=17762"},{"taxonomy":"post_tag","embeddable":true,"href":"https:\/\/www.oparanews.com.br\/index.php\/wp-json\/wp\/v2\/tags?post=17762"}],"curies":[{"name":"wp","href":"https:\/\/api.w.org\/{rel}","templated":true}]}}