{"id":17782,"date":"2021-07-27T11:37:33","date_gmt":"2021-07-27T11:37:33","guid":{"rendered":"https:\/\/oparanews.com.br\/?p=17782"},"modified":"2021-07-27T11:37:33","modified_gmt":"2021-07-27T11:37:33","slug":"penedo-nao-registra-novos-casos-de-covid-19-ha-cinco-dias","status":"publish","type":"post","link":"https:\/\/www.oparanews.com.br\/index.php\/2021\/07\/27\/penedo-nao-registra-novos-casos-de-covid-19-ha-cinco-dias\/","title":{"rendered":"Penedo n\u00e3o registra novos casos de Covid-19 h\u00e1 cinco dias"},"content":{"rendered":"<p>Segundo levantamento dos boletins epidemiol\u00f3gicos da Covid-19 em Penedo, h\u00e1 cinco dias o munic\u00edpio ribeirinho n\u00e3o registra novos casos da doen\u00e7a. Nesse mesmo per\u00edodo, 29 pessoas j\u00e1 se recuperaram e n\u00e3o apresentam mais sintomas do v\u00edrus.<\/p>\n<p>A estagna\u00e7\u00e3o da doen\u00e7a at\u00e9 esta segunda-feira, 26, demonstra que a vacina\u00e7\u00e3o em Penedo est\u00e1 fazendo a diferen\u00e7a e vem salvando vidas. Por conta disso, a secretaria municipal de Sa\u00fade vem tendo um trabalho incans\u00e1vel de conscientiza\u00e7\u00e3o para que as pessoas se vacinem e se protejam deste v\u00edrus que j\u00e1 ceifou a vida de 550 mil pessoas em todo o Brasil.<\/p>\n<p>O calend\u00e1rio da vacina\u00e7\u00e3o em Penedo segue acelerado e as pessoas que tem 30 anos ou mais j\u00e1 podem se vacinar. \u00c9 s\u00f3 se dirigir at\u00e9 a central de vacina\u00e7\u00e3o que fica localizada na Escola Estadual Professor Ernani M\u00e9ro e apresentar os seguintes documentos: cart\u00e3o SUS, documento com foto e comprovante de resid\u00eancia.<\/p>\n<p>At\u00e9 o momento Penedo j\u00e1 vacinou 35.878 pessoas, sendo 27.257 com a 1\u00aa dose e 8.261 com a 2\u00aa dose.<\/p>\n<p>&nbsp;<\/p>\n<p><strong>por Walberth Lima<\/strong><\/p>\n<p>&nbsp;<\/p>\n","protected":false},"excerpt":{"rendered":"<p>Segundo levantamento dos boletins epidemiol\u00f3gicos da Covid-19 em Penedo, h\u00e1 cinco dias o munic\u00edpio ribeirinho n\u00e3o registra novos casos da doen\u00e7a. Nesse mesmo per\u00edodo, 29 pessoas j\u00e1 se recuperaram e n\u00e3o apresentam mais sintomas do v\u00edrus. A estagna\u00e7\u00e3o da doen\u00e7a at\u00e9 esta segunda-feira, 26, demonstra que a vacina\u00e7\u00e3o em Penedo est\u00e1 fazendo a diferen\u00e7a e &hellip;<\/p>\n","protected":false},"author":1,"featured_media":17783,"comment_status":"closed","ping_status":"closed","sticky":false,"template":"","format":"standard","meta":{"_jetpack_newsletter_access":"","_jetpack_dont_email_post_to_subs":false,"_jetpack_newsletter_tier_id":0,"_jetpack_memberships_contains_paywalled_content":false,"_jetpack_memberships_contains_paid_content":false,"footnotes":""},"categories":[1],"tags":[],"class_list":["post-17782","post","type-post","status-publish","format-standard","has-post-thumbnail","hentry","category-destaque"],"jetpack_sharing_enabled":true,"jetpack_featured_media_url":"","_links":{"self":[{"href":"https:\/\/www.oparanews.com.br\/index.php\/wp-json\/wp\/v2\/posts\/17782","targetHints":{"allow":["GET"]}}],"collection":[{"href":"https:\/\/www.oparanews.com.br\/index.php\/wp-json\/wp\/v2\/posts"}],"about":[{"href":"https:\/\/www.oparanews.com.br\/index.php\/wp-json\/wp\/v2\/types\/post"}],"author":[{"embeddable":true,"href":"https:\/\/www.oparanews.com.br\/index.php\/wp-json\/wp\/v2\/users\/1"}],"replies":[{"embeddable":true,"href":"https:\/\/www.oparanews.com.br\/index.php\/wp-json\/wp\/v2\/comments?post=17782"}],"version-history":[{"count":0,"href":"https:\/\/www.oparanews.com.br\/index.php\/wp-json\/wp\/v2\/posts\/17782\/revisions"}],"wp:attachment":[{"href":"https:\/\/www.oparanews.com.br\/index.php\/wp-json\/wp\/v2\/media?parent=17782"}],"wp:term":[{"taxonomy":"category","embeddable":true,"href":"https:\/\/www.oparanews.com.br\/index.php\/wp-json\/wp\/v2\/categories?post=17782"},{"taxonomy":"post_tag","embeddable":true,"href":"https:\/\/www.oparanews.com.br\/index.php\/wp-json\/wp\/v2\/tags?post=17782"}],"curies":[{"name":"wp","href":"https:\/\/api.w.org\/{rel}","templated":true}]}}