{"id":17803,"date":"2021-07-28T00:21:18","date_gmt":"2021-07-28T00:21:18","guid":{"rendered":"https:\/\/oparanews.com.br\/?p=17803"},"modified":"2021-07-28T00:21:18","modified_gmt":"2021-07-28T00:21:18","slug":"bh-autoriza-retorno-de-publico-aos-estadios-de-futebol","status":"publish","type":"post","link":"https:\/\/www.oparanews.com.br\/index.php\/2021\/07\/28\/bh-autoriza-retorno-de-publico-aos-estadios-de-futebol\/","title":{"rendered":"BH autoriza retorno de p\u00fablico aos est\u00e1dios de futebol"},"content":{"rendered":"<p>Ap\u00f3s se reunir com clubes e autoridades de sa\u00fade, a Prefeitura de Belo Horizonte (PBH) autorizou nesta ter\u00e7a-feira, 27 de julho, a volta do p\u00fablico aos est\u00e1dios da capital mineira, como mais um passo na flexibiliza\u00e7\u00e3o das atividades na cidade, apesar de ainda haver os cuidados pela pandemia da covid-19.<\/p>\n<p>O executivo da capital mineira determinou que o limite de p\u00fablico ser\u00e1 de 30% da capacidade dos est\u00e1dios, podendo ter apenas uma torcida, no caso, a do mandante.<\/p>\n<p>Para acessar os jogos, o torcedor ter\u00e1 de comprovar que est\u00e1 em dia com a vacina anti-covid, tendo tomado duas doses ou uma, no caso do imunizante da Jansen.<\/p>\n<p>Quem apresentar exame RT-PCR ou teste r\u00e1pido negativo feito num intervalo m\u00e1ximo de 72 horas, tamb\u00e9m poder\u00e1 adentrar no Mineir\u00e3o, ou Independ\u00eancia.<\/p>\n<p>A PBH ainda exigiu que os camarotes dever\u00e3o ficar fechados; que todos os port\u00f5es dos est\u00e1dios devem ficar abertos; a venda de ingressos dever\u00e1 ser apenas pela internet, com o nome e telefone de todos os compradores sendo fornecidos. N\u00e3o haver\u00e1 transporte p\u00fablico especial para levar os torcedores aos jogos.<\/p>\n<p>Venda de bebidas alco\u00f3licas nos est\u00e1dios n\u00e3o ser\u00e1 permitida e ser\u00e1 obrigat\u00f3rio o uso da m\u00e1scara e a manuten\u00e7\u00e3o do distanciamento social, com espa\u00e7amento entre os torcedores nos assentos das arenas. N\u00e3o ser\u00e1 proibido, mas a presen\u00e7a de gr\u00e1vidas n\u00e3o \u00e9 recomendada.<\/p>\n<p>A reuni\u00e3o contou com o o prefeito Alexandre Kalil (PSD-MG) os presidentes dos tr\u00eas grandes clubes da capital: Alencar da Silveira J\u00fanior (Am\u00e9rica-MG), S\u00e9rgio Coelho (Atl\u00e9tico-MG) e S\u00e9rgio Santos Rodrigues (Cruzeiro), al\u00e9m do secret\u00e1rio de Sa\u00fade, Jackson Machado e da secret\u00e1ria municipal de Assuntos Institucionais e Comunica\u00e7\u00e3o, Adriana Branco. Representantes da Pol\u00edcia Militar tamb\u00e9m participaram da decis\u00e3o da prefeitura.<\/p>\n<p>Apesar da libera\u00e7\u00e3o de BH, os clubes da capital mineira ter\u00e3o de esperar uma posi\u00e7\u00e3o da Confedera\u00e7\u00e3o Brasileira de Futebol (CBF), que ainda ainda n\u00e3o aprovou o retorno de p\u00fablico.<\/p>\n<p>J\u00e1 no \u00e2mbito internacional, a situa\u00e7\u00e3o \u00e9 diferente, pois a Conmebol autorizou a presen\u00e7a de p\u00fablico desde que as cidades-sede tenham autoriza\u00e7\u00e3o das suas autoridades. Assim, a partida entre Atl\u00e9tico-MG x River Plate, que ser\u00e1 disputada no dia 18 de agosto, \u00e0s 21h30, no Mineir\u00e3o, pelo duelo de volta das quartas de final da Libertadores, pode ter a presen\u00e7a de atleticanos.<\/p>\n<p>A CBF quer testar o retorno de p\u00fablicos aos est\u00e1dios a partir de 25 de agosto, nos duelos das quartas de final da Copa do Brasil. Os jogos do Campeonato Brasileiro das S\u00e9ries A, B, C e D ainda dependem de um novo posicionamento da entidade.<\/p>\n<p>A libera\u00e7\u00e3o da volta do p\u00fablico aos est\u00e1dios em BH s\u00f3 foi poss\u00edvel segundo a PBH, pela queda no n\u00famero de transmiss\u00e3o por infectado pelo coronav\u00edrus. A taxa atual est\u00e1 em 0,91, ou seja: a cada 100 pessoas contaminadas, elas transmitem o v\u00edrus para outras 91. Outro dado relevante \u00e9 a redu\u00e7\u00e3o na taxa de ocupa\u00e7\u00e3o de leitos na cidade, na casa dos 57,9% de UTI e de enfermaria (46,5%).<\/p>\n<p>&nbsp;<\/p>\n<p><strong>por Valinor Conte\u00fado &#8211; Terra<\/strong><\/p>\n<p>&nbsp;<\/p>\n","protected":false},"excerpt":{"rendered":"<p>Ap\u00f3s se reunir com clubes e autoridades de sa\u00fade, a Prefeitura de Belo Horizonte (PBH) autorizou nesta ter\u00e7a-feira, 27 de julho, a volta do p\u00fablico aos est\u00e1dios da capital mineira, como mais um passo na flexibiliza\u00e7\u00e3o das atividades na cidade, apesar de ainda haver os cuidados pela pandemia da covid-19. O executivo da capital mineira &hellip;<\/p>\n","protected":false},"author":1,"featured_media":17804,"comment_status":"closed","ping_status":"closed","sticky":false,"template":"","format":"standard","meta":{"_jetpack_newsletter_access":"","_jetpack_dont_email_post_to_subs":false,"_jetpack_newsletter_tier_id":0,"_jetpack_memberships_contains_paywalled_content":false,"_jetpack_memberships_contains_paid_content":false,"footnotes":""},"categories":[1],"tags":[],"class_list":["post-17803","post","type-post","status-publish","format-standard","has-post-thumbnail","hentry","category-destaque"],"jetpack_sharing_enabled":true,"jetpack_featured_media_url":"","_links":{"self":[{"href":"https:\/\/www.oparanews.com.br\/index.php\/wp-json\/wp\/v2\/posts\/17803","targetHints":{"allow":["GET"]}}],"collection":[{"href":"https:\/\/www.oparanews.com.br\/index.php\/wp-json\/wp\/v2\/posts"}],"about":[{"href":"https:\/\/www.oparanews.com.br\/index.php\/wp-json\/wp\/v2\/types\/post"}],"author":[{"embeddable":true,"href":"https:\/\/www.oparanews.com.br\/index.php\/wp-json\/wp\/v2\/users\/1"}],"replies":[{"embeddable":true,"href":"https:\/\/www.oparanews.com.br\/index.php\/wp-json\/wp\/v2\/comments?post=17803"}],"version-history":[{"count":0,"href":"https:\/\/www.oparanews.com.br\/index.php\/wp-json\/wp\/v2\/posts\/17803\/revisions"}],"wp:attachment":[{"href":"https:\/\/www.oparanews.com.br\/index.php\/wp-json\/wp\/v2\/media?parent=17803"}],"wp:term":[{"taxonomy":"category","embeddable":true,"href":"https:\/\/www.oparanews.com.br\/index.php\/wp-json\/wp\/v2\/categories?post=17803"},{"taxonomy":"post_tag","embeddable":true,"href":"https:\/\/www.oparanews.com.br\/index.php\/wp-json\/wp\/v2\/tags?post=17803"}],"curies":[{"name":"wp","href":"https:\/\/api.w.org\/{rel}","templated":true}]}}