{"id":18117,"date":"2021-08-08T18:56:40","date_gmt":"2021-08-08T18:56:40","guid":{"rendered":"https:\/\/oparanews.com.br\/?p=18117"},"modified":"2021-08-08T18:56:40","modified_gmt":"2021-08-08T18:56:40","slug":"messi-chora-em-adeus-ao-barca-nao-e-como-tinha-pensado","status":"publish","type":"post","link":"https:\/\/www.oparanews.com.br\/index.php\/2021\/08\/08\/messi-chora-em-adeus-ao-barca-nao-e-como-tinha-pensado\/","title":{"rendered":"Messi chora em adeus ao Bar\u00e7a: &#8220;N\u00e3o \u00e9 como tinha pensado&#8221;"},"content":{"rendered":"<p>O craque argentino Lionel Messi deu uma entrevista neste domingo (8) e confirmou sua sa\u00edda do Barcelona ap\u00f3s 21 anos. Em l\u00e1grimas, o jogador revelou que estava sendo dif\u00edcil dar adeus e que n\u00e3o estava preparado para a despedida.<\/p>\n<p>&#8220;A verdade \u00e9 que \u00e9 dif\u00edcil, muito dif\u00edcil para mim dizer adeus depois de tantos anos, depois que eu passei toda a minha vida aqui, n\u00e3o estava pronto para isso. E, honestamente, n\u00e3o \u00e9 como eu tinha pensado&#8221;, disse aos jornalistas no Camp Nou, em uma sala com todos os trof\u00e9us que ele conquistou pelo time.<\/p>\n<p>&#8220;N\u00e3o sei se vou conseguir falar. Nos \u00faltimos dias estive pensando e me perguntando o que poderia dizer. Eu estava bloqueado, ainda estou agora. No ano passado, quando estourou a bagun\u00e7a do burofax, eu sabia o que tinha a dizer, mas n\u00e3o este ano. Est\u00e1vamos convencidos de que \u00edamos continuar aqui, em casa, era o que o que mais quer\u00edamos, sobretudo pela vida que n\u00f3s t\u00ednhamos em Barcelona&#8221;, disse visivelmente comovido.<\/p>\n<p>Lembrando que teve &#8220;momentos muito bons e outros ruins&#8221;, Messi pediu desculpa mais de uma vez por sua emo\u00e7\u00e3o e disse que n\u00e3o estava conseguindo falar muitas coisas e agradecer a todos que o ajudaram.<\/p>\n<p>&#8220;Esse \u00e9 um apenas um at\u00e9 mais, eu prometi isso tamb\u00e9m aos meus filhos. Nunca imaginei esse adeus ao Barcelona, n\u00e3o sabia que seria dessa maneira. Queria ter deixado em campo para ter uma \u00faltima celebra\u00e7\u00e3o com os torcedores. Eles me fizeram muita falta durante a pandemia (covid-19). Queria t\u00ea-los por perto para festejar meus gols e estou saindo desse clube sem v\u00ea-los. Eu queria um est\u00e1dio cheio, mas foi assim e agrade\u00e7o a todos pelo afeto dos \u00faltimos anos&#8221;, acrescentou.<\/p>\n<p>Apesar de n\u00e3o estarem presentes no est\u00e1dio, centenas de torcedores se reuniram nas ruas pr\u00f3ximas ao Camp Nou para dar um \u00faltimo adeus ao craque argentino.<\/p>\n<p>Messi ainda confirmou a vers\u00e3o do presidente do clube, Joan Laporta, de que a renova\u00e7\u00e3o n\u00e3o foi poss\u00edvel por conta das novas regras financeiras implementadas pela La Liga (Campeonato Espanhol). &#8220;Laporta j\u00e1 explicou e tudo realmente estava resolvido, mas por causa da quest\u00e3o da La Liga, nada pode ser feito. N\u00e3o h\u00e1 nada mais do que isso. T\u00ednhamos tudo combinado e n\u00e3o poderia ser feito&#8221;, lamentou.<\/p>\n<p>Quando questionado se o seu destino agora ser\u00e1 o Paris Saint-Germain (PSG), Messi disse que o clube \u00e9 sim &#8220;uma possibilidade&#8221;, mas que depois do an\u00fancio do Barcelona, &#8220;muitos clubes vieram atr\u00e1s de informa\u00e7\u00f5es&#8221;. &#8220;No momento, n\u00e3o h\u00e1 nada fechado e estamos ainda conversando&#8221;, pontuou.<\/p>\n<p>Um dos maiores jogadores da hist\u00f3ria, Lionel Messi estava no clube catal\u00e3o desde a adolesc\u00eancia. Ao todo, ele fez 672 gols em 778 jogos em 17 temporadas, conquistando quatro Liga dos Campe\u00f5es, tr\u00eas Mundiais da Fifa e 10 Campeonatos Espanh\u00f3is, entre outros t\u00edtulos.<\/p>\n<p>Foi pelo Barcelona que Messi ainda foi eleito por seis vezes como o melhor jogador do mundo.<\/p>\n<p>&nbsp;<\/p>\n<p><strong>Fonte: Terra<\/strong><\/p>\n<p>&nbsp;<\/p>\n","protected":false},"excerpt":{"rendered":"<p>O craque argentino Lionel Messi deu uma entrevista neste domingo (8) e confirmou sua sa\u00edda do Barcelona ap\u00f3s 21 anos. Em l\u00e1grimas, o jogador revelou que estava sendo dif\u00edcil dar adeus e que n\u00e3o estava preparado para a despedida. &#8220;A verdade \u00e9 que \u00e9 dif\u00edcil, muito dif\u00edcil para mim dizer adeus depois de tantos anos, &hellip;<\/p>\n","protected":false},"author":1,"featured_media":18118,"comment_status":"closed","ping_status":"closed","sticky":false,"template":"","format":"standard","meta":{"_jetpack_newsletter_access":"","_jetpack_dont_email_post_to_subs":false,"_jetpack_newsletter_tier_id":0,"_jetpack_memberships_contains_paywalled_content":false,"_jetpack_memberships_contains_paid_content":false,"footnotes":""},"categories":[1],"tags":[],"class_list":["post-18117","post","type-post","status-publish","format-standard","has-post-thumbnail","hentry","category-destaque"],"jetpack_sharing_enabled":true,"jetpack_featured_media_url":"","_links":{"self":[{"href":"https:\/\/www.oparanews.com.br\/index.php\/wp-json\/wp\/v2\/posts\/18117","targetHints":{"allow":["GET"]}}],"collection":[{"href":"https:\/\/www.oparanews.com.br\/index.php\/wp-json\/wp\/v2\/posts"}],"about":[{"href":"https:\/\/www.oparanews.com.br\/index.php\/wp-json\/wp\/v2\/types\/post"}],"author":[{"embeddable":true,"href":"https:\/\/www.oparanews.com.br\/index.php\/wp-json\/wp\/v2\/users\/1"}],"replies":[{"embeddable":true,"href":"https:\/\/www.oparanews.com.br\/index.php\/wp-json\/wp\/v2\/comments?post=18117"}],"version-history":[{"count":0,"href":"https:\/\/www.oparanews.com.br\/index.php\/wp-json\/wp\/v2\/posts\/18117\/revisions"}],"wp:attachment":[{"href":"https:\/\/www.oparanews.com.br\/index.php\/wp-json\/wp\/v2\/media?parent=18117"}],"wp:term":[{"taxonomy":"category","embeddable":true,"href":"https:\/\/www.oparanews.com.br\/index.php\/wp-json\/wp\/v2\/categories?post=18117"},{"taxonomy":"post_tag","embeddable":true,"href":"https:\/\/www.oparanews.com.br\/index.php\/wp-json\/wp\/v2\/tags?post=18117"}],"curies":[{"name":"wp","href":"https:\/\/api.w.org\/{rel}","templated":true}]}}