{"id":18152,"date":"2021-08-09T18:51:39","date_gmt":"2021-08-09T18:51:39","guid":{"rendered":"https:\/\/oparanews.com.br\/?p=18152"},"modified":"2021-08-09T18:51:39","modified_gmt":"2021-08-09T18:51:39","slug":"agricultores-de-penedo-sao-orientados-sobre-fornecimento-para-merenda-escolar","status":"publish","type":"post","link":"https:\/\/www.oparanews.com.br\/index.php\/2021\/08\/09\/agricultores-de-penedo-sao-orientados-sobre-fornecimento-para-merenda-escolar\/","title":{"rendered":"Agricultores de Penedo s\u00e3o orientados sobre fornecimento para merenda escolar"},"content":{"rendered":"<p>A Secretaria Municipal de Abastecimento e Desenvolvimento Agr\u00edcola (SEMADA) da Prefeitura de Penedo reuniu agricultores de diversos povoados da zona rural para orientar sobre o fornecimento de itens para merenda escolar.<\/p>\n<p>Na pauta do encontro realizado nesta segunda-feira (9), no audit\u00f3rio da Casa de Aposentadoria, foram abordadas as regras para vender seus produtos ao munic\u00edpio, por meio do PNAE \u2013 Programa Nacional de Alimenta\u00e7\u00e3o escolar.<\/p>\n<p>Os diversos tipos de alimentos in natura s\u00e3o comprados desses produtores, tendo como destino a alimenta\u00e7\u00e3o de estudantes das escolas e creches p\u00fablicas do munic\u00edpio.<\/p>\n<p>O Secret\u00e1rio Municipal de Abastecimento e Desenvolvimento Agr\u00edcola, Manoel Messias Lima, falou sobre a grande oportunidade de gera\u00e7\u00e3o de emprego e renda, por meio da participa\u00e7\u00e3o nas chamadas p\u00fablicas.<\/p>\n<p>Em 2021 , 55% da verba utilizada pela Secretaria Municipal de Educa\u00e7\u00e3o (SEMED) para compra de merenda escolar foi investida na agricultura familiar, quando a a obriga\u00e7\u00e3o legal que \u00e9 de 30%.<\/p>\n<p>A gest\u00e3o Crescendo Com Seu Povo tamb\u00e9m promove assist\u00eancia t\u00e9cnica e disponibiliza maquin\u00e1rio agr\u00edcola para que o plantio seja feito de forma correta.<\/p>\n<p>O Secret\u00e1rio Manoel Messias destacou a import\u00e2ncia do interesse e a for\u00e7a de vontade do agricultor em aprender para poder ter sucesso nas vendas para o munic\u00edpio, prestando aten\u00e7\u00e3o e cumprindo as obriga\u00e7\u00f5es exigidas pela legisla\u00e7\u00e3o vigente.<\/p>\n<p>\u201cO agricultor interessado em entrar no Programa Nacional de Alimenta\u00e7\u00e3o Escolar tem que cumprir as regras do programa, com toda documenta\u00e7\u00e3o exigida, para que haja sucesso. Temos na nossa secretaria pessoas que est\u00e3o trabalhando nesse processo para instruir, com o apoio do SEBRAE, sobre o que \u00e9 necess\u00e1rio para integrar esse programa, pois a prefeitura s\u00f3 compra do agricultor que estiver com tudo certo\u201d, explicou o Secretario de Abastecimento e Desenvolvimento Agr\u00edcola.<\/p>\n<p><strong>Regras<\/strong><\/p>\n<p>A palestrante do SEBRAE, Camila dos Santos Souza explicou o que \u00e9 necess\u00e1rio para participar do PNAE, a exemplo da exig\u00eancia da emiss\u00e3o de nota fiscal , possuir DAP \u2013 Declara\u00e7\u00e3o de Aptid\u00e3o ao Programa Nacional de Fortalecimento da Agricultura Familiar-Pronaf, al\u00e9m de produzir alguma das variedades de alimentos adquiridos por meio do programa.<\/p>\n<p>De acordo com Nutricionista da SEMED, Carla Sampaio, entre os alimentos adquiridos por meio do PNAE est\u00e3o abacaxi, abobora, abobrinha, coentro, couve, goiaba, melancia dentre outros.<\/p>\n<p>Ela tamb\u00e9m explicou que antes do retorno gradual das aulas, haver\u00e1 uma nova chamada p\u00fablica para aquisi\u00e7\u00e3o de alimentos da agricultura familiar pela SEMED, oportunidade tanto para aqueles que j\u00e1 vendem ao munic\u00edpio, quanto para os que desejam ingressar.<\/p>\n<p>&nbsp;<\/p>\n<p><strong>por Thiago Sobral &#8211; Decom PMP<\/strong><\/p>\n<p>&nbsp;<\/p>\n","protected":false},"excerpt":{"rendered":"<p>A Secretaria Municipal de Abastecimento e Desenvolvimento Agr\u00edcola (SEMADA) da Prefeitura de Penedo reuniu agricultores de diversos povoados da zona rural para orientar sobre o fornecimento de itens para merenda escolar. Na pauta do encontro realizado nesta segunda-feira (9), no audit\u00f3rio da Casa de Aposentadoria, foram abordadas as regras para vender seus produtos ao munic\u00edpio, &hellip;<\/p>\n","protected":false},"author":1,"featured_media":18153,"comment_status":"closed","ping_status":"closed","sticky":false,"template":"","format":"standard","meta":{"_jetpack_newsletter_access":"","_jetpack_dont_email_post_to_subs":false,"_jetpack_newsletter_tier_id":0,"_jetpack_memberships_contains_paywalled_content":false,"_jetpack_memberships_contains_paid_content":false,"footnotes":""},"categories":[1],"tags":[],"class_list":["post-18152","post","type-post","status-publish","format-standard","has-post-thumbnail","hentry","category-destaque"],"jetpack_sharing_enabled":true,"jetpack_featured_media_url":"","_links":{"self":[{"href":"https:\/\/www.oparanews.com.br\/index.php\/wp-json\/wp\/v2\/posts\/18152","targetHints":{"allow":["GET"]}}],"collection":[{"href":"https:\/\/www.oparanews.com.br\/index.php\/wp-json\/wp\/v2\/posts"}],"about":[{"href":"https:\/\/www.oparanews.com.br\/index.php\/wp-json\/wp\/v2\/types\/post"}],"author":[{"embeddable":true,"href":"https:\/\/www.oparanews.com.br\/index.php\/wp-json\/wp\/v2\/users\/1"}],"replies":[{"embeddable":true,"href":"https:\/\/www.oparanews.com.br\/index.php\/wp-json\/wp\/v2\/comments?post=18152"}],"version-history":[{"count":0,"href":"https:\/\/www.oparanews.com.br\/index.php\/wp-json\/wp\/v2\/posts\/18152\/revisions"}],"wp:attachment":[{"href":"https:\/\/www.oparanews.com.br\/index.php\/wp-json\/wp\/v2\/media?parent=18152"}],"wp:term":[{"taxonomy":"category","embeddable":true,"href":"https:\/\/www.oparanews.com.br\/index.php\/wp-json\/wp\/v2\/categories?post=18152"},{"taxonomy":"post_tag","embeddable":true,"href":"https:\/\/www.oparanews.com.br\/index.php\/wp-json\/wp\/v2\/tags?post=18152"}],"curies":[{"name":"wp","href":"https:\/\/api.w.org\/{rel}","templated":true}]}}