{"id":18161,"date":"2021-08-10T14:46:09","date_gmt":"2021-08-10T14:46:09","guid":{"rendered":"https:\/\/oparanews.com.br\/?p=18161"},"modified":"2021-08-10T14:46:09","modified_gmt":"2021-08-10T14:46:09","slug":"prefeitura-de-penedo-ja-distribuiu-mais-de-140-toneladas-de-alimentos-da-agricultura-familiar-nas-escolas","status":"publish","type":"post","link":"https:\/\/www.oparanews.com.br\/index.php\/2021\/08\/10\/prefeitura-de-penedo-ja-distribuiu-mais-de-140-toneladas-de-alimentos-da-agricultura-familiar-nas-escolas\/","title":{"rendered":"Prefeitura de Penedo j\u00e1 distribuiu mais de 140 toneladas de alimentos da agricultura familiar nas escolas"},"content":{"rendered":"<p>Alimentos de qualidade na merenda da rede p\u00fablica municipal, todos produzidos por fam\u00edlias da zona rural de Penedo.<\/p>\n<p>O resultado da pol\u00edtica p\u00fablica adaptada pela Prefeitura de Penedo \u00e0 pandemia de Covid-19 assegura a continuidade da assist\u00eancia para estudantes e tamb\u00e9m ao agricultor penedense, fornecedor de aproximadamente toneladas de itens para a Secretaria Municipal de Educa\u00e7\u00e3o (Semed) somente em 2021.<\/p>\n<p>Os alimentos colhidos nos povoados penedenses e entregues at\u00e9 05 de agosto s\u00e3o resultado da prioridade da compra, por meio de chamada p\u00fablica, para agricultores organizados por meio de associa\u00e7\u00f5es que atendem as exig\u00eancias do procedimento.<\/p>\n<p><strong>Crescendo Com Seu Povo<\/strong><\/p>\n<p>Na forma da lei, a gest\u00e3o Crescendo Com Seu Povo investiu R$ 442.066,00 na zona rural de Penedo, comprando frutas, legumes, ra\u00edzes e alimentos prontos para consumo (bolos, taipoca e beiju), somente para a merenda escolar.<\/p>\n<p>Pela primeira vez na hist\u00f3ria do munic\u00edpio, a Semed destina 55% da verba espec\u00edfica para alimenta\u00e7\u00e3o escolar para a agricultura familiar penedense, atendendo aos crit\u00e9rios priorit\u00e1rios de investir na economia local, adquirindo produtos in natura ou de baixo processamento que podem ser inclu\u00eddos no card\u00e1pio da merenda escolar.<\/p>\n<p>O avan\u00e7o tamb\u00e9m \u00e9 resultado do apoio t\u00e9cnico e operacional disponibilizado ao agricultor local por meio da Secretaria Municipal de Abastecimento e Desenvolvimento Agr\u00edcola (Semada), a partir da gest\u00e3o na pasta do servidor aposentado da Embrapa, empres\u00e1rio e vereador penedense Manoel Messias Lima, o Messias da Fil\u00f3.<\/p>\n<p><strong>Gera\u00e7\u00e3o de emprego e renda<\/strong><\/p>\n<p>Trabalhando para que o poder p\u00fablico atenda aos que mais precisam, o Prefeito Ronaldo Lopes assegura a gera\u00e7\u00e3o de emprego e renda para o homem e a mulher do campo, beneficiando ainda alunos e alunas com alimentos saud\u00e1veis, inclusive durante a pandemia de Covid.<\/p>\n<p>O sistema de entrega dos kits de alimenta\u00e7\u00e3o aos pais ou respons\u00e1veis pelos estudantes foi adotado em 2020, \u00faltimo ano do governo Marcius Beltr\u00e3o\/Ronaldo Lopes, por conta da suspens\u00e3o das aulas presenciais.<\/p>\n<p>Este ano, praticamente 80 toneladas de frutas chegaram at\u00e9 a casa de fam\u00edlias penedenses de baixa renda gra\u00e7as ao compromisso da gest\u00e3o com o povo de Penedo.<\/p>\n<p>Macaxeira e inhame totalizaram 21 toneladas e 800 quilos das ra\u00edzes retiradas das ro\u00e7as para a resid\u00eancia de alunos e alunas da Semed, al\u00e9m de tapioca (dez toneladas), bolos (1,8 tonelada), beiju (14,2 toneladas) e batata-doce (9,4 toneladas).<\/p>\n<p><strong>Cesta de Cereais<\/strong><\/p>\n<p>Al\u00e9m dos itens produzidos na zona rural de Penedo, a Semed refor\u00e7a as dispensas de pais e estudantes com arroz, feij\u00e3o, leite em p\u00f3, prote\u00edna de soja, macarr\u00e3o e biscoitos.<\/p>\n<p>A distribui\u00e7\u00e3o da chamada \u2018cesta de cereais\u2019 come\u00e7ou em julho e \u00e9 resultado do processo licitat\u00f3rio que gerou a produ\u00e7\u00e3o de 8.537 kits, alimentos que come\u00e7aram a ser entregues, ainda que as empresas fornecedoras n\u00e3o tenham cumprido o contrato integralmente.<\/p>\n<p>\u201cDos quatro fornecedores que iriam fornecer esses alimentos, um pediu desist\u00eancia do contrato e tr\u00eas alegaram necessidade de reajuste de pre\u00e7os e se recusaram a fornecer fub\u00e1, a\u00e7\u00facar, caf\u00e9, extrato de tomate, \u00f3leo e farinha\u201d, explica Carla Sampaio, nutricionista da Semed Penedo, acrescentando que a situa\u00e7\u00e3o foi encaminhada para a Procuradoria Geral do Munic\u00edpio.<\/p>\n<p>&nbsp;<\/p>\n<p><strong>por Fernando Vin\u00edcius \u2013 Decom PMP<\/strong><\/p>\n<p>&nbsp;<\/p>\n","protected":false},"excerpt":{"rendered":"<p>Alimentos de qualidade na merenda da rede p\u00fablica municipal, todos produzidos por fam\u00edlias da zona rural de Penedo. O resultado da pol\u00edtica p\u00fablica adaptada pela Prefeitura de Penedo \u00e0 pandemia de Covid-19 assegura a continuidade da assist\u00eancia para estudantes e tamb\u00e9m ao agricultor penedense, fornecedor de aproximadamente toneladas de itens para a Secretaria Municipal de &hellip;<\/p>\n","protected":false},"author":1,"featured_media":18162,"comment_status":"closed","ping_status":"closed","sticky":false,"template":"","format":"standard","meta":{"_jetpack_newsletter_access":"","_jetpack_dont_email_post_to_subs":false,"_jetpack_newsletter_tier_id":0,"_jetpack_memberships_contains_paywalled_content":false,"_jetpack_memberships_contains_paid_content":false,"footnotes":""},"categories":[1],"tags":[],"class_list":["post-18161","post","type-post","status-publish","format-standard","has-post-thumbnail","hentry","category-destaque"],"jetpack_sharing_enabled":true,"jetpack_featured_media_url":"","_links":{"self":[{"href":"https:\/\/www.oparanews.com.br\/index.php\/wp-json\/wp\/v2\/posts\/18161","targetHints":{"allow":["GET"]}}],"collection":[{"href":"https:\/\/www.oparanews.com.br\/index.php\/wp-json\/wp\/v2\/posts"}],"about":[{"href":"https:\/\/www.oparanews.com.br\/index.php\/wp-json\/wp\/v2\/types\/post"}],"author":[{"embeddable":true,"href":"https:\/\/www.oparanews.com.br\/index.php\/wp-json\/wp\/v2\/users\/1"}],"replies":[{"embeddable":true,"href":"https:\/\/www.oparanews.com.br\/index.php\/wp-json\/wp\/v2\/comments?post=18161"}],"version-history":[{"count":0,"href":"https:\/\/www.oparanews.com.br\/index.php\/wp-json\/wp\/v2\/posts\/18161\/revisions"}],"wp:attachment":[{"href":"https:\/\/www.oparanews.com.br\/index.php\/wp-json\/wp\/v2\/media?parent=18161"}],"wp:term":[{"taxonomy":"category","embeddable":true,"href":"https:\/\/www.oparanews.com.br\/index.php\/wp-json\/wp\/v2\/categories?post=18161"},{"taxonomy":"post_tag","embeddable":true,"href":"https:\/\/www.oparanews.com.br\/index.php\/wp-json\/wp\/v2\/tags?post=18161"}],"curies":[{"name":"wp","href":"https:\/\/api.w.org\/{rel}","templated":true}]}}