{"id":21615,"date":"2022-02-05T22:39:25","date_gmt":"2022-02-05T22:39:25","guid":{"rendered":"https:\/\/oparanews.com.br\/?p=21615"},"modified":"2022-02-05T22:39:25","modified_gmt":"2022-02-05T22:39:25","slug":"vereador-bili-marques-destaca-atuacao-do-prefeito-ronaldo-lopes-em-favor-do-agricultor-familiar","status":"publish","type":"post","link":"https:\/\/www.oparanews.com.br\/index.php\/2022\/02\/05\/vereador-bili-marques-destaca-atuacao-do-prefeito-ronaldo-lopes-em-favor-do-agricultor-familiar\/","title":{"rendered":"Vereador Bili Marques destaca atua\u00e7\u00e3o do Prefeito Ronaldo Lopes em favor do agricultor familiar"},"content":{"rendered":"<p>Fam\u00edlias de agricultores que h\u00e1 anos trabalham em terras localizadas na comunidade S\u00edtio Naz\u00e1rio, zona rural de Penedo, estavam pr\u00f3ximas de serem despejadas por \u00f3rg\u00e3os estatais relacionados com quest\u00f5es de posse de terra.<\/p>\n<p>A perda iminente do meio de manuten\u00e7\u00e3o de vida para centenas de trabalhadores rurais penedenses foi interrompida pela atua\u00e7\u00e3o do Prefeito Ronaldo Lopes junto ao governo estadual e ao Incra, conforme revelou o Vereador Bili Marques (Josu\u00e9 Marques da Silva) em seu pronunciamento na C\u00e2mara Municipal de Penedo nessa quinta-feira, 03.<\/p>\n<p>O parlamentar destacou a defesa institucional do homem do campo pelo gestor penedense e destacou ainda a atua\u00e7\u00e3o conjunta entre os Poderes Executivo e Legislativo que viabilizou a distribui\u00e7\u00e3o do maior rateio de recursos do Fundeb na hist\u00f3ria de Penedo.<\/p>\n<p>A inclus\u00e3o das demais categorias da Secretaria Municipal de Educa\u00e7\u00e3o no projeto enviado pelo governo municipal e aprovado em tempo h\u00e1bil pelos vereadores fez com que os seis milh\u00f5es de reais chegassem \u00e0 casa de uma maior n\u00famero de trabalhadores da Educa\u00e7\u00e3o, inje\u00e7\u00e3o de recursos que tamb\u00e9m tem reflexo positivo para a economia da cidade.<\/p>\n<p>Por essa forma de atua\u00e7\u00e3o e sua disposi\u00e7\u00e3o para o trabalho, Ronaldo Lopes tem aprova\u00e7\u00e3o do povo em \u00edndice pr\u00f3ximo dos 90%, conforme pesquisa de opini\u00e3o p\u00fablica divulgada esta semana que comprova a qualidade da atual gest\u00e3o municipal, destacou Bili Marques na tribuna da C\u00e2mara Municipal de Penedo.<\/p>\n<p>&nbsp;<\/p>\n<p><strong>Fonte: Assessoria CMP<\/strong><\/p>\n<p>&nbsp;<\/p>\n","protected":false},"excerpt":{"rendered":"<p>Fam\u00edlias de agricultores que h\u00e1 anos trabalham em terras localizadas na comunidade S\u00edtio Naz\u00e1rio, zona rural de Penedo, estavam pr\u00f3ximas de serem despejadas por \u00f3rg\u00e3os estatais relacionados com quest\u00f5es de posse de terra. A perda iminente do meio de manuten\u00e7\u00e3o de vida para centenas de trabalhadores rurais penedenses foi interrompida pela atua\u00e7\u00e3o do Prefeito Ronaldo &hellip;<\/p>\n","protected":false},"author":1,"featured_media":21616,"comment_status":"closed","ping_status":"closed","sticky":false,"template":"","format":"standard","meta":{"_jetpack_memberships_contains_paid_content":false,"footnotes":""},"categories":[1],"tags":[],"class_list":["post-21615","post","type-post","status-publish","format-standard","has-post-thumbnail","hentry","category-destaque"],"jetpack_featured_media_url":"","jetpack_sharing_enabled":true,"_links":{"self":[{"href":"https:\/\/www.oparanews.com.br\/index.php\/wp-json\/wp\/v2\/posts\/21615","targetHints":{"allow":["GET"]}}],"collection":[{"href":"https:\/\/www.oparanews.com.br\/index.php\/wp-json\/wp\/v2\/posts"}],"about":[{"href":"https:\/\/www.oparanews.com.br\/index.php\/wp-json\/wp\/v2\/types\/post"}],"author":[{"embeddable":true,"href":"https:\/\/www.oparanews.com.br\/index.php\/wp-json\/wp\/v2\/users\/1"}],"replies":[{"embeddable":true,"href":"https:\/\/www.oparanews.com.br\/index.php\/wp-json\/wp\/v2\/comments?post=21615"}],"version-history":[{"count":0,"href":"https:\/\/www.oparanews.com.br\/index.php\/wp-json\/wp\/v2\/posts\/21615\/revisions"}],"wp:featuredmedia":[{"embeddable":true,"href":"https:\/\/www.oparanews.com.br\/index.php\/wp-json\/"}],"wp:attachment":[{"href":"https:\/\/www.oparanews.com.br\/index.php\/wp-json\/wp\/v2\/media?parent=21615"}],"wp:term":[{"taxonomy":"category","embeddable":true,"href":"https:\/\/www.oparanews.com.br\/index.php\/wp-json\/wp\/v2\/categories?post=21615"},{"taxonomy":"post_tag","embeddable":true,"href":"https:\/\/www.oparanews.com.br\/index.php\/wp-json\/wp\/v2\/tags?post=21615"}],"curies":[{"name":"wp","href":"https:\/\/api.w.org\/{rel}","templated":true}]}}