{"id":21623,"date":"2022-02-07T16:54:01","date_gmt":"2022-02-07T16:54:01","guid":{"rendered":"https:\/\/oparanews.com.br\/?p=21623"},"modified":"2022-02-07T16:54:01","modified_gmt":"2022-02-07T16:54:01","slug":"prefeitura-de-penedo-amplia-troca-de-lampadas-antigas-por-luminarias-de-led","status":"publish","type":"post","link":"https:\/\/www.oparanews.com.br\/index.php\/2022\/02\/07\/prefeitura-de-penedo-amplia-troca-de-lampadas-antigas-por-luminarias-de-led\/","title":{"rendered":"Prefeitura de Penedo amplia troca de l\u00e2mpadas antigas por lumin\u00e1rias de LED"},"content":{"rendered":"<p>Os avan\u00e7os promovidos pelo governo Ronaldo Lopes em efici\u00eancia energ\u00e9tica continuam a ser realizados por meio da Superintend\u00eancia de Ilumina\u00e7\u00e3o P\u00fablica de Penedo (SIPE).<\/p>\n<p>A substitui\u00e7\u00e3o de l\u00e2mpadas de vapor de merc\u00fario e met\u00e1lica por lumin\u00e1rias de LED j\u00e1 \u00e9 uma realidade na cidade e na zona rural que chega para novos logradouros a partir desta semana.<\/p>\n<p>O mais novo cronograma de trabalho da SIPE come\u00e7a amanh\u00e3 (ter\u00e7a-feira, 08) pela Rua Dr. Carlos Martins, mais conhecida como Beco do Hospital. Em seguida, a equipe do \u00f3rg\u00e3o criado por Ronaldo Lopes faz o investimento na extens\u00e3o da Rua S\u00e3o Jos\u00e9.<\/p>\n<p>Na pr\u00f3xima semana, o trabalho da Prefeitura de Penedo que melhora a ilumina\u00e7\u00e3o de ruas e logradouros p\u00fablicos ser\u00e1 realizado na Rua Ulisses Batinga, fechando o m\u00eas de fevereiro com a mesma a\u00e7\u00e3o na Rua 15 de Novembro, Centro da cidade.<\/p>\n<p>Em mar\u00e7o, a SIPE incluiu em sua programa\u00e7\u00e3o a substitui\u00e7\u00e3o das l\u00e2mpadas na Pra\u00e7a S\u00e3o Francisco de Assis, localizada no Conjunto Rosete Andrade.<\/p>\n<p>A partir de abril, um pleito antigo da popula\u00e7\u00e3o de Penedo ser\u00e1 atendido, especialmente dos moradores do Areal, Cor\u00e9ia e Oiteiro e que tamb\u00e9m \u00e9 feito por meio de requerimentos da C\u00e2mara de Vereadores.<\/p>\n<p>A gest\u00e3o Crescendo Com Seu Povo vai instalara equipamentos de ilumina\u00e7\u00e3o p\u00fablica na Rodovia M\u00e1rio Freire Leahy, inclusive no trecho desprovido do servi\u00e7o que j\u00e1 come\u00e7a a ser ofertado com material de maior durabilidade e menor custo\/investimento.<\/p>\n<p>Confira abaixo o cronograma completo da SIPE<\/p>\n<p>08\/fev Ter\u00e7a-Feira Rua Dr. Carlos Martins<br \/>\n09\/fev Quarta-Feira Rua S\u00e3o Jos\u00e9<br \/>\n10\/fev Quinta-Feira Rua S\u00e3o Jos\u00e9<br \/>\n11\/fev Sexta-Feira Rua S\u00e3o Jos\u00e9<br \/>\n14\/fev Segunda-Feira Rua Professor Ulisses Batinga<br \/>\n15\/fev Ter\u00e7a-Feira Rua Professor Ulisses Batinga<br \/>\n16\/fev Quarta-Feira Rua Professor Ulisses Batinga<br \/>\n17\/fev Quinta-Feira Rua Professor Ulisses Batinga<br \/>\n18\/fev Sexta-Feira Rua Quinze de Novembro<br \/>\n21\/fev Segunda-Feira Rua Quinze de Novembro<br \/>\n22\/fev Ter\u00e7a-Feira Rua Quinze de Novembro<br \/>\n23\/fev Quarta-Feira Rua Quinze de Novembro<br \/>\n14\/mar Segunda-Feira Pra\u00e7a S\u00e3o Francisco de Assis<br \/>\n20\/abr Quarta-Feira Pra\u00e7a S\u00e3o Francisco de Assis<br \/>\n25\/abr Segunda-Feira Avenida Mario Freire Leahy<\/p>\n<p>&nbsp;<\/p>\n<p><strong>Fonte: Decom &#8211; PMP<\/strong><\/p>\n<p>&nbsp;<\/p>\n","protected":false},"excerpt":{"rendered":"<p>Os avan\u00e7os promovidos pelo governo Ronaldo Lopes em efici\u00eancia energ\u00e9tica continuam a ser realizados por meio da Superintend\u00eancia de Ilumina\u00e7\u00e3o P\u00fablica de Penedo (SIPE). A substitui\u00e7\u00e3o de l\u00e2mpadas de vapor de merc\u00fario e met\u00e1lica por lumin\u00e1rias de LED j\u00e1 \u00e9 uma realidade na cidade e na zona rural que chega para novos logradouros a partir &hellip;<\/p>\n","protected":false},"author":1,"featured_media":21624,"comment_status":"closed","ping_status":"closed","sticky":false,"template":"","format":"standard","meta":{"_jetpack_memberships_contains_paid_content":false,"footnotes":""},"categories":[1],"tags":[],"class_list":["post-21623","post","type-post","status-publish","format-standard","has-post-thumbnail","hentry","category-destaque"],"jetpack_featured_media_url":"","jetpack_sharing_enabled":true,"_links":{"self":[{"href":"https:\/\/www.oparanews.com.br\/index.php\/wp-json\/wp\/v2\/posts\/21623","targetHints":{"allow":["GET"]}}],"collection":[{"href":"https:\/\/www.oparanews.com.br\/index.php\/wp-json\/wp\/v2\/posts"}],"about":[{"href":"https:\/\/www.oparanews.com.br\/index.php\/wp-json\/wp\/v2\/types\/post"}],"author":[{"embeddable":true,"href":"https:\/\/www.oparanews.com.br\/index.php\/wp-json\/wp\/v2\/users\/1"}],"replies":[{"embeddable":true,"href":"https:\/\/www.oparanews.com.br\/index.php\/wp-json\/wp\/v2\/comments?post=21623"}],"version-history":[{"count":0,"href":"https:\/\/www.oparanews.com.br\/index.php\/wp-json\/wp\/v2\/posts\/21623\/revisions"}],"wp:featuredmedia":[{"embeddable":true,"href":"https:\/\/www.oparanews.com.br\/index.php\/wp-json\/"}],"wp:attachment":[{"href":"https:\/\/www.oparanews.com.br\/index.php\/wp-json\/wp\/v2\/media?parent=21623"}],"wp:term":[{"taxonomy":"category","embeddable":true,"href":"https:\/\/www.oparanews.com.br\/index.php\/wp-json\/wp\/v2\/categories?post=21623"},{"taxonomy":"post_tag","embeddable":true,"href":"https:\/\/www.oparanews.com.br\/index.php\/wp-json\/wp\/v2\/tags?post=21623"}],"curies":[{"name":"wp","href":"https:\/\/api.w.org\/{rel}","templated":true}]}}