{"id":21632,"date":"2022-02-07T17:08:22","date_gmt":"2022-02-07T17:08:22","guid":{"rendered":"https:\/\/oparanews.com.br\/?p=21632"},"modified":"2022-02-07T17:08:22","modified_gmt":"2022-02-07T17:08:22","slug":"gabigol-e-chamado-de-macaco-por-torcida-do-flu","status":"publish","type":"post","link":"https:\/\/www.oparanews.com.br\/index.php\/2022\/02\/07\/gabigol-e-chamado-de-macaco-por-torcida-do-flu\/","title":{"rendered":"Gabigol \u00e9 chamado de macaco por torcida do Flu"},"content":{"rendered":"<p>Uma nova acusa\u00e7\u00e3o de racismo foi registrada neste domingo no futebol brasileiro. No cl\u00e1ssico entre Flamengo e Fluminense, pelo Campeonato Carioca, o centroavante Gabigol ouviu da arquibancada &#8211; onde se encontravam torcedores da equipe das Laranjeiras &#8211; insultos racistas.<\/p>\n<p>Ap\u00f3s a derrota para o Fluminense, o jogador do Flamengo fez um desabafo nas redes sociais e pediu que verdadeiras atitudes sejam tomadas contra os atos de racismo praticados nos est\u00e1dios. &#8220;At\u00e9 quando? At\u00e9 quando isso vai acontecer sem puni\u00e7\u00e3o? Jamais vou me calar, \u00e9 inadmiss\u00edvel que passemos por isso! Orgulho da minha ra\u00e7a, orgulho da minha cor!&#8221;, escreveu Gabigol em suas redes sociais.<\/p>\n<p>Os dois clubes tamb\u00e9m se pronunciaram sobre o ocorrido. O Flamengo, onde joga o centroavante, afirmou prestar toda solidariedade a Gabigol e disse que estar\u00e1 sempre ao lado do jogador.<\/p>\n<p>&#8220;O Clube de Regatas do Flamengo repudia veementemente o epis\u00f3dio lament\u00e1vel ocorrido na partida deste domingo com o atleta Gabigol, que foi v\u00edtima de racismo. O clube presta total solidariedade ao nosso atacante. Estaremos sempre ao seu lado, Gabi. Racismo \u00e9 crime&#8221;, afirmou o clube rubro-negro.<\/p>\n<p>O Fluminense, por sua vez, informa estar apurando a efetividade da ofensa racista, buscando apoio auxiliar de outras c\u00e2meras e filmagens. Ainda assim, a equipe tricolor diz repudiar qualquer tipo de preconceito e que se orgulha de ter como lema &#8220;Time de todos&#8221;.<\/p>\n<p>&#8220;O Fluminense informa que est\u00e1 apurando o epis\u00f3dio em que um torcedor supostamente teria dirigido palavras racistas ao atacante Gabriel Barbosa, ao final da partida deste domingo. O pr\u00f3prio autor da divulga\u00e7\u00e3o do v\u00eddeo diz que teve a impress\u00e3o, sem certeza, de ter ouvido as supostas ofensas, e, neste sentido, o Fluminense informa que est\u00e1 buscando as imagens do est\u00e1dio a fim de auxiliar na apura\u00e7\u00e3o da exist\u00eancia ou n\u00e3o do fato e na identifica\u00e7\u00e3o de eventual autoria. O clube reitera que considera intoler\u00e1vel qualquer tipo de preconceito e se orgulha de manter como lema o &#8216;Time de Todos&#8217;, de respeito ao pr\u00f3ximo, independentemente de ra\u00e7a, g\u00eanero, credo ou orienta\u00e7\u00e3o sexual&#8221;, escreveu a equipe das Laranjeiras.<\/p>\n<p><strong>RACISMO CONTRA JOGADOR DO S\u00c3O PAULO<\/strong><\/p>\n<p>O atacante Vitinho, que se destacou na campanha do S\u00e3o Paulo na Copinha, foi alvo de ofensas racistas neste fim de semana pelas redes sociais. Ele recebeu mensagens nas redes sociais de um torcedor que o chamava de &#8220;macaco sem car\u00e1ter&#8221; e &#8220;mal agradecido&#8221;. O time do Morumbi prestou apoio ao jogador e escreveu, em nota, que &#8220;racismo \u00e9 crime, \u00e9 inaceit\u00e1vel, \u00e9 nojento&#8221;.<\/p>\n<p>&nbsp;<\/p>\n<p><strong>Fonte: Terra<\/strong><\/p>\n<p>&nbsp;<\/p>\n","protected":false},"excerpt":{"rendered":"<p>Uma nova acusa\u00e7\u00e3o de racismo foi registrada neste domingo no futebol brasileiro. No cl\u00e1ssico entre Flamengo e Fluminense, pelo Campeonato Carioca, o centroavante Gabigol ouviu da arquibancada &#8211; onde se encontravam torcedores da equipe das Laranjeiras &#8211; insultos racistas. Ap\u00f3s a derrota para o Fluminense, o jogador do Flamengo fez um desabafo nas redes sociais &hellip;<\/p>\n","protected":false},"author":1,"featured_media":21633,"comment_status":"closed","ping_status":"closed","sticky":false,"template":"","format":"standard","meta":{"_jetpack_memberships_contains_paid_content":false,"footnotes":""},"categories":[1],"tags":[],"class_list":["post-21632","post","type-post","status-publish","format-standard","has-post-thumbnail","hentry","category-destaque"],"jetpack_featured_media_url":"","jetpack_sharing_enabled":true,"_links":{"self":[{"href":"https:\/\/www.oparanews.com.br\/index.php\/wp-json\/wp\/v2\/posts\/21632","targetHints":{"allow":["GET"]}}],"collection":[{"href":"https:\/\/www.oparanews.com.br\/index.php\/wp-json\/wp\/v2\/posts"}],"about":[{"href":"https:\/\/www.oparanews.com.br\/index.php\/wp-json\/wp\/v2\/types\/post"}],"author":[{"embeddable":true,"href":"https:\/\/www.oparanews.com.br\/index.php\/wp-json\/wp\/v2\/users\/1"}],"replies":[{"embeddable":true,"href":"https:\/\/www.oparanews.com.br\/index.php\/wp-json\/wp\/v2\/comments?post=21632"}],"version-history":[{"count":0,"href":"https:\/\/www.oparanews.com.br\/index.php\/wp-json\/wp\/v2\/posts\/21632\/revisions"}],"wp:featuredmedia":[{"embeddable":true,"href":"https:\/\/www.oparanews.com.br\/index.php\/wp-json\/"}],"wp:attachment":[{"href":"https:\/\/www.oparanews.com.br\/index.php\/wp-json\/wp\/v2\/media?parent=21632"}],"wp:term":[{"taxonomy":"category","embeddable":true,"href":"https:\/\/www.oparanews.com.br\/index.php\/wp-json\/wp\/v2\/categories?post=21632"},{"taxonomy":"post_tag","embeddable":true,"href":"https:\/\/www.oparanews.com.br\/index.php\/wp-json\/wp\/v2\/tags?post=21632"}],"curies":[{"name":"wp","href":"https:\/\/api.w.org\/{rel}","templated":true}]}}