{"id":21689,"date":"2022-02-11T00:51:38","date_gmt":"2022-02-11T00:51:38","guid":{"rendered":"https:\/\/oparanews.com.br\/?p=21689"},"modified":"2022-02-11T00:51:38","modified_gmt":"2022-02-11T00:51:38","slug":"curva-de-casos-de-covid-tem-queda-apos-mais-de-40-dias","status":"publish","type":"post","link":"https:\/\/www.oparanews.com.br\/index.php\/2022\/02\/11\/curva-de-casos-de-covid-tem-queda-apos-mais-de-40-dias\/","title":{"rendered":"Curva de casos de Covid tem queda ap\u00f3s mais de 40 dias"},"content":{"rendered":"<p>O Brasil registrou nesta quinta-feira (10) 922 mortes pela Covid-19 nas \u00faltimas 24 horas, totalizando 636.111 \u00f3bitos desde o in\u00edcio da pandemia. Com isso, a m\u00e9dia m\u00f3vel de mortes nos \u00faltimos 7 dias \u00e9 de 874. Em compara\u00e7\u00e3o \u00e0 m\u00e9dia de 14 dias atr\u00e1s, a varia\u00e7\u00e3o foi de +85%, indicando tend\u00eancia de alta nos \u00f3bitos decorrentes da doen\u00e7a.<\/p>\n<p>Al\u00e9m disso, vale apontar que apenas Goi\u00e1s n\u00e3o est\u00e1 com tend\u00eancia de alta. O estado de Roraima n\u00e3o divulgou seus dados.<\/p>\n<p>Brasil, 10 de fevereiro<\/p>\n<p>Total de mortes: 636.111<br \/>\nRegistro de mortes em 24 horas: 922<br \/>\nM\u00e9dia de mortes nos \u00faltimos 7 dias: 874 (varia\u00e7\u00e3o em 14 dias: +85%)<br \/>\nTotal de casos conhecidos confirmados: 27.125.512<br \/>\nRegistro de casos conhecidos confirmados em 24 horas: 165.359<br \/>\nM\u00e9dia de novos casos nos \u00faltimos 7 dias: 146.540 por dia (varia\u00e7\u00e3o em 14 dias: -20%)<br \/>\nO pa\u00eds tamb\u00e9m registrou 165.359 novos casos conhecidos de Covid-19 em 24 horas, chegando ao total de 27.125.512 diagn\u00f3sticos confirmados desde o in\u00edcio da pandemia. Com isso, a m\u00e9dia m\u00f3vel de casos nos \u00faltimos 7 dias foi a 146.540. Em compara\u00e7\u00e3o \u00e0 m\u00e9dia de 14 dias atr\u00e1s, a varia\u00e7\u00e3o foi de -20%, indicando tend\u00eancia de queda nos casos da doen\u00e7a pela primeira vez ap\u00f3s mais de 40 dias.<\/p>\n<p>A m\u00e9dia m\u00f3vel de v\u00edtimas da doen\u00e7a atinge agora um patamar 4 vezes maior do que estava \u00e0s v\u00e9speras do ataque hacker que gerou problemas nos registros em todo o Brasil, ocorrido na madrugada entre 9 e 10 de dezembro. Na \u00e9poca, essa m\u00e9dia indicava 183 mortos por Covid a cada dia.<\/p>\n<p>Os n\u00fameros est\u00e3o no novo levantamento do cons\u00f3rcio de ve\u00edculos de imprensa sobre a situa\u00e7\u00e3o da pandemia de coronav\u00edrus no Brasil, consolidados \u00e0s 20h. O balan\u00e7o \u00e9 feito a partir de dados das secretarias estaduais de Sa\u00fade.<\/p>\n<p>&nbsp;<\/p>\n<p><strong>Fonte: G1<\/strong><\/p>\n<p>&nbsp;<\/p>\n","protected":false},"excerpt":{"rendered":"<p>O Brasil registrou nesta quinta-feira (10) 922 mortes pela Covid-19 nas \u00faltimas 24 horas, totalizando 636.111 \u00f3bitos desde o in\u00edcio da pandemia. Com isso, a m\u00e9dia m\u00f3vel de mortes nos \u00faltimos 7 dias \u00e9 de 874. Em compara\u00e7\u00e3o \u00e0 m\u00e9dia de 14 dias atr\u00e1s, a varia\u00e7\u00e3o foi de +85%, indicando tend\u00eancia de alta nos \u00f3bitos &hellip;<\/p>\n","protected":false},"author":1,"featured_media":21690,"comment_status":"closed","ping_status":"closed","sticky":false,"template":"","format":"standard","meta":{"_jetpack_memberships_contains_paid_content":false,"footnotes":""},"categories":[1],"tags":[],"class_list":["post-21689","post","type-post","status-publish","format-standard","has-post-thumbnail","hentry","category-destaque"],"jetpack_featured_media_url":"","jetpack_sharing_enabled":true,"_links":{"self":[{"href":"https:\/\/www.oparanews.com.br\/index.php\/wp-json\/wp\/v2\/posts\/21689","targetHints":{"allow":["GET"]}}],"collection":[{"href":"https:\/\/www.oparanews.com.br\/index.php\/wp-json\/wp\/v2\/posts"}],"about":[{"href":"https:\/\/www.oparanews.com.br\/index.php\/wp-json\/wp\/v2\/types\/post"}],"author":[{"embeddable":true,"href":"https:\/\/www.oparanews.com.br\/index.php\/wp-json\/wp\/v2\/users\/1"}],"replies":[{"embeddable":true,"href":"https:\/\/www.oparanews.com.br\/index.php\/wp-json\/wp\/v2\/comments?post=21689"}],"version-history":[{"count":0,"href":"https:\/\/www.oparanews.com.br\/index.php\/wp-json\/wp\/v2\/posts\/21689\/revisions"}],"wp:featuredmedia":[{"embeddable":true,"href":"https:\/\/www.oparanews.com.br\/index.php\/wp-json\/"}],"wp:attachment":[{"href":"https:\/\/www.oparanews.com.br\/index.php\/wp-json\/wp\/v2\/media?parent=21689"}],"wp:term":[{"taxonomy":"category","embeddable":true,"href":"https:\/\/www.oparanews.com.br\/index.php\/wp-json\/wp\/v2\/categories?post=21689"},{"taxonomy":"post_tag","embeddable":true,"href":"https:\/\/www.oparanews.com.br\/index.php\/wp-json\/wp\/v2\/tags?post=21689"}],"curies":[{"name":"wp","href":"https:\/\/api.w.org\/{rel}","templated":true}]}}