{"id":21699,"date":"2022-02-12T00:23:58","date_gmt":"2022-02-12T00:23:58","guid":{"rendered":"https:\/\/oparanews.com.br\/?p=21699"},"modified":"2022-02-12T00:23:58","modified_gmt":"2022-02-12T00:23:58","slug":"prefeitura-de-penedo-instala-comerciantes-da-prainha-em-novo-local","status":"publish","type":"post","link":"https:\/\/www.oparanews.com.br\/index.php\/2022\/02\/12\/prefeitura-de-penedo-instala-comerciantes-da-prainha-em-novo-local\/","title":{"rendered":"Prefeitura de Penedo instala comerciantes da Prainha em novo local"},"content":{"rendered":"<p>O aumento da vaz\u00e3o no Rio S\u00e3o Francisco inundou a Prainha de Penedo, interrompendo o lazer na \u00e1rea p\u00fablica que tamb\u00e9m \u00e9 local de trabalho para dezenas de fam\u00edlias.<\/p>\n<p>Para viabilizar a continuidade da fonte de renda para os comerciantes da Prainha, a Prefeitura de Penedo instalou tendas na orla, banheiros qu\u00edmicos e acionou a Equatorial Energia para a empresa atender as necessidades do pessoal realocado.<\/p>\n<p>Sob as estruturas montadas no estacionamento que fica pr\u00f3ximo da Prainha, os comerciantes trabalhavam na manh\u00e3 desta sexta, 11, organizando mesas e cadeiras, ao tempo em que freezers e geladeiras eram deixados na \u00e1rea que atrai moradores e turistas.<\/p>\n<p>\u201cAtendemos o pedido dos trabalhadores da Prainha que est\u00e3o com seu local de trabalho totalmente inundado pela cheia do Rio S\u00e3o Francisco. Eles est\u00e3o instalados nessa parte que o aumento da vaz\u00e3o n\u00e3o alcan\u00e7ou para poder continuar trabalhando, garantindo assim condi\u00e7\u00f5es de manter a renda que sustenta essas fam\u00edlias\u201d, destaca o Prefeito Ronaldo Lopes sobre a solu\u00e7\u00e3o que tamb\u00e9m atende reivindica\u00e7\u00e3o apresentada por vereadores.<\/p>\n<p>&nbsp;<\/p>\n<p><strong>por Fernando Vin\u00edcius &#8211; Decom PMP<\/strong><\/p>\n<p>&nbsp;<\/p>\n","protected":false},"excerpt":{"rendered":"<p>O aumento da vaz\u00e3o no Rio S\u00e3o Francisco inundou a Prainha de Penedo, interrompendo o lazer na \u00e1rea p\u00fablica que tamb\u00e9m \u00e9 local de trabalho para dezenas de fam\u00edlias. Para viabilizar a continuidade da fonte de renda para os comerciantes da Prainha, a Prefeitura de Penedo instalou tendas na orla, banheiros qu\u00edmicos e acionou a &hellip;<\/p>\n","protected":false},"author":1,"featured_media":21700,"comment_status":"closed","ping_status":"closed","sticky":false,"template":"","format":"standard","meta":{"_jetpack_memberships_contains_paid_content":false,"footnotes":""},"categories":[1],"tags":[],"class_list":["post-21699","post","type-post","status-publish","format-standard","has-post-thumbnail","hentry","category-destaque"],"jetpack_featured_media_url":"","jetpack_sharing_enabled":true,"_links":{"self":[{"href":"https:\/\/www.oparanews.com.br\/index.php\/wp-json\/wp\/v2\/posts\/21699","targetHints":{"allow":["GET"]}}],"collection":[{"href":"https:\/\/www.oparanews.com.br\/index.php\/wp-json\/wp\/v2\/posts"}],"about":[{"href":"https:\/\/www.oparanews.com.br\/index.php\/wp-json\/wp\/v2\/types\/post"}],"author":[{"embeddable":true,"href":"https:\/\/www.oparanews.com.br\/index.php\/wp-json\/wp\/v2\/users\/1"}],"replies":[{"embeddable":true,"href":"https:\/\/www.oparanews.com.br\/index.php\/wp-json\/wp\/v2\/comments?post=21699"}],"version-history":[{"count":0,"href":"https:\/\/www.oparanews.com.br\/index.php\/wp-json\/wp\/v2\/posts\/21699\/revisions"}],"wp:featuredmedia":[{"embeddable":true,"href":"https:\/\/www.oparanews.com.br\/index.php\/wp-json\/"}],"wp:attachment":[{"href":"https:\/\/www.oparanews.com.br\/index.php\/wp-json\/wp\/v2\/media?parent=21699"}],"wp:term":[{"taxonomy":"category","embeddable":true,"href":"https:\/\/www.oparanews.com.br\/index.php\/wp-json\/wp\/v2\/categories?post=21699"},{"taxonomy":"post_tag","embeddable":true,"href":"https:\/\/www.oparanews.com.br\/index.php\/wp-json\/wp\/v2\/tags?post=21699"}],"curies":[{"name":"wp","href":"https:\/\/api.w.org\/{rel}","templated":true}]}}