{"id":21763,"date":"2022-02-16T20:46:59","date_gmt":"2022-02-16T20:46:59","guid":{"rendered":"https:\/\/oparanews.com.br\/?p=21763"},"modified":"2022-02-16T20:46:59","modified_gmt":"2022-02-16T20:46:59","slug":"parceria-entre-prefeitura-de-penedo-e-governo-de-alagoas-beneficia-vila-mais-famosa-do-brasil","status":"publish","type":"post","link":"https:\/\/www.oparanews.com.br\/index.php\/2022\/02\/16\/parceria-entre-prefeitura-de-penedo-e-governo-de-alagoas-beneficia-vila-mais-famosa-do-brasil\/","title":{"rendered":"Parceria entre Prefeitura de Penedo e Governo de Alagoas beneficia vila mais famosa do Brasil"},"content":{"rendered":"<p>A vila mais famosa do Brasil est\u00e1 sendo beneficiada por mais uma a\u00e7\u00e3o conjunta realizada entre a Prefeitura de Penedo e o Governo de Alagoas, parceria que desenvolve o munic\u00edpio em todos os sentidos.<\/p>\n<p>O mais recente investimento viabilizado pelo Prefeito Ronaldo Lopes e o Governador Renan Filho vai pavimentar o acesso \u00e0 Vila Primavera e toda a extens\u00e3o da rua conhecida em todo mundo por ser o ber\u00e7o do influenciado digital Carlinhos Maia.<\/p>\n<p>\u201cIsso \u00e9 um sonho pra gente, esperamos muito tempo por isso\u201d, disse \u2018seu\u2019 Virg\u00edlio, pai de Carlinhos que n\u00e3o mora mais na Vila Primavera, mas visita os amigos quase todos os dias. Ele conversa com Maria Madalena e Pedro Rodrigues nesta ter\u00e7a-feira, 15, enquanto trabalhadores iniciam os servi\u00e7os.<\/p>\n<p>A idosa conhecida por levar caf\u00e9 ao vizinho famoso tamb\u00e9m comemora o investimento. \u201cEu moro aqui h\u00e1 44 anos e nesse tempo todo foi sempre o mesmo sofrimento. No ver\u00e3o, muita poeira e no inverno lama. At\u00e9 chuva j\u00e1 botou \u00e1gua pra dentro da nossa casa\u201d, recorda Madalena sobre o problema resolvido porque a renda das fam\u00edlias melhorou com a proje\u00e7\u00e3o nas redes sociais, revertida nos im\u00f3veis e no que cada um decide fazer.<\/p>\n<p>Com o investimento em pavimenta\u00e7\u00e3o, a qualidade de vida ser\u00e1 melhor e a vila estar\u00e1 melhor estruturada para moradores e visitantes. Pedro Rodrigues informa que o movimento de turistas j\u00e1 melhorou, gra\u00e7as \u00e0 imuniza\u00e7\u00e3o geral contra a Covid, conforme afirma.<\/p>\n<p>\u201cDurante as piores fases da pandemia o pessoal deixou de vir, mas agora j\u00e1 est\u00e1 voltando ao normal\u201d, conta o morador que comercializa canecas personalizadas com as figuras da Vila do Carlinhos Maia.<\/p>\n<p>\u201cPor enquanto temos apenas esse tipo de lembran\u00e7a, mas eu pretendo investir em equipamentos para fabricar camisas, bon\u00e9s, outros tipos de souvenir para vender aqui mesmo\u201d, conta Pedro, neto de Maria Madalena.<\/p>\n<p>J\u00e1 para Branca Diva, uma das moradoras mais queridas da vila, a rua cal\u00e7ada vai ser a passarela dos pr\u00f3ximos ensaios. \u201cA gente vai poder botar salto e fazer fotos aqui na nossa rua\u201d, revelou a celebridade que tem mais de 1,6 milh\u00f5es de seguidores em seu Instagram.<\/p>\n<p>\u201cA gente sempre esperou por isso, muito prometeram, mas somente agora \u00e9 ser\u00e1 feito\u201d, diz C\u00edcera Santos da Silva, m\u00e3e da Diva. Ela conta que morava em uma casa muito prec\u00e1ria antes de se mudar para a vila, j\u00e1 com as filhas pequenas, e tinha medo da moradia desabar sobre ela e sua fam\u00edlia.<\/p>\n<p>\u201cQuando a gente saiu dessa casa, que ficava l\u00e1 em cima (na Vila Matias), no dia seguinte ele desabou, foi Deus quem segurou at\u00e9 a gente sair\u201d, conta a moradora que agradece o trabalho da Prefeitura de Penedo e do Governo de Alagoas. Eline, irm\u00e3 da Diva, ainda brincou com a situa\u00e7\u00e3o atual.<\/p>\n<p>\u201cHaja vassoura pra dar conta de tanta poeira\u201d, comentou Eline sobre o problema que, em breve, ser\u00e1 apenas uma lembran\u00e7a do passado da comunidade que ter\u00e1 melhor qualidade de vida e condi\u00e7\u00f5es para empreender novos neg\u00f3cios relacionados ao atrativo tur\u00edstico que desperta a curiosidade dos internautas, seguidores e girass\u00f3is.<\/p>\n<p>&nbsp;<\/p>\n<p><strong>por Fernando Vin\u00edcius &#8211; Decom PMP<\/strong><\/p>\n<p>&nbsp;<\/p>\n","protected":false},"excerpt":{"rendered":"<p>A vila mais famosa do Brasil est\u00e1 sendo beneficiada por mais uma a\u00e7\u00e3o conjunta realizada entre a Prefeitura de Penedo e o Governo de Alagoas, parceria que desenvolve o munic\u00edpio em todos os sentidos. O mais recente investimento viabilizado pelo Prefeito Ronaldo Lopes e o Governador Renan Filho vai pavimentar o acesso \u00e0 Vila Primavera &hellip;<\/p>\n","protected":false},"author":1,"featured_media":21764,"comment_status":"closed","ping_status":"closed","sticky":false,"template":"","format":"standard","meta":{"_jetpack_memberships_contains_paid_content":false,"footnotes":""},"categories":[1],"tags":[],"class_list":["post-21763","post","type-post","status-publish","format-standard","has-post-thumbnail","hentry","category-destaque"],"jetpack_featured_media_url":"","jetpack_sharing_enabled":true,"_links":{"self":[{"href":"https:\/\/www.oparanews.com.br\/index.php\/wp-json\/wp\/v2\/posts\/21763","targetHints":{"allow":["GET"]}}],"collection":[{"href":"https:\/\/www.oparanews.com.br\/index.php\/wp-json\/wp\/v2\/posts"}],"about":[{"href":"https:\/\/www.oparanews.com.br\/index.php\/wp-json\/wp\/v2\/types\/post"}],"author":[{"embeddable":true,"href":"https:\/\/www.oparanews.com.br\/index.php\/wp-json\/wp\/v2\/users\/1"}],"replies":[{"embeddable":true,"href":"https:\/\/www.oparanews.com.br\/index.php\/wp-json\/wp\/v2\/comments?post=21763"}],"version-history":[{"count":0,"href":"https:\/\/www.oparanews.com.br\/index.php\/wp-json\/wp\/v2\/posts\/21763\/revisions"}],"wp:featuredmedia":[{"embeddable":true,"href":"https:\/\/www.oparanews.com.br\/index.php\/wp-json\/"}],"wp:attachment":[{"href":"https:\/\/www.oparanews.com.br\/index.php\/wp-json\/wp\/v2\/media?parent=21763"}],"wp:term":[{"taxonomy":"category","embeddable":true,"href":"https:\/\/www.oparanews.com.br\/index.php\/wp-json\/wp\/v2\/categories?post=21763"},{"taxonomy":"post_tag","embeddable":true,"href":"https:\/\/www.oparanews.com.br\/index.php\/wp-json\/wp\/v2\/tags?post=21763"}],"curies":[{"name":"wp","href":"https:\/\/api.w.org\/{rel}","templated":true}]}}