{"id":21783,"date":"2022-02-17T20:09:38","date_gmt":"2022-02-17T20:09:38","guid":{"rendered":"https:\/\/oparanews.com.br\/?p=21783"},"modified":"2022-02-17T20:09:38","modified_gmt":"2022-02-17T20:09:38","slug":"escolas-da-prefeitura-de-penedo-ganham-sistema-de-climatizacao","status":"publish","type":"post","link":"https:\/\/www.oparanews.com.br\/index.php\/2022\/02\/17\/escolas-da-prefeitura-de-penedo-ganham-sistema-de-climatizacao\/","title":{"rendered":"Escolas da Prefeitura de Penedo ganham sistema de climatiza\u00e7\u00e3o"},"content":{"rendered":"<p>Todas as 29 unidades de ensino da rede p\u00fablica municipal de Penedo, inclusive as creches, estar\u00e3o climatizadas at\u00e9 o final do ano.<\/p>\n<p>A mais recente boa not\u00edcia do governo Ronaldo Lopes foi anunciado nesta quinta-feira, 17, na Escola Municipal de Educa\u00e7\u00e3o B\u00e1sica (EMEB) Bar\u00e3o de Penedo, uma das cinco primeiras que ter\u00e3o ar condicionado em todas as salas de aula.<\/p>\n<p>\u201cN\u00f3s tamb\u00e9m vamos climatizar as escolas Irm\u00e3 Jolenta, Wilton Lisboa Lucena, Arlindo Ferreira e Costa Mangabeira at\u00e9 o pr\u00f3ximo dia 14 de mar\u00e7o e todas as outras unidades da nossa rede at\u00e9 o final deste ano\u201d, informa o Prefeito Ronaldo Lopes.<\/p>\n<p>Para a Secret\u00e1ria Municipal de Educa\u00e7\u00e3o, C\u00edntya Alves, o investimento proporciona mais conforto para estudantes e professores, melhorando o processo de ensino\/aprendizagem e o aproveitamento do conte\u00fado passado no ambiente escolar.<\/p>\n<p>O Prefeito Ronaldo Lopes e a Secret\u00e1ria C\u00edntya Alves tamb\u00e9m recepcionaram alunos e alunas que conclu\u00edram o Ensino Fundamental nas escolas da SEMED e foram selecionados para estudar no Instituto Federal de Alagoas (Ifal).<\/p>\n<p>&nbsp;<\/p>\n<p><strong>por Fernando Vin\u00edcius &#8211; Decom PMP<\/strong><\/p>\n<p>&nbsp;<\/p>\n","protected":false},"excerpt":{"rendered":"<p>Todas as 29 unidades de ensino da rede p\u00fablica municipal de Penedo, inclusive as creches, estar\u00e3o climatizadas at\u00e9 o final do ano. A mais recente boa not\u00edcia do governo Ronaldo Lopes foi anunciado nesta quinta-feira, 17, na Escola Municipal de Educa\u00e7\u00e3o B\u00e1sica (EMEB) Bar\u00e3o de Penedo, uma das cinco primeiras que ter\u00e3o ar condicionado em &hellip;<\/p>\n","protected":false},"author":1,"featured_media":21784,"comment_status":"closed","ping_status":"closed","sticky":false,"template":"","format":"standard","meta":{"_jetpack_memberships_contains_paid_content":false,"footnotes":""},"categories":[1],"tags":[],"class_list":["post-21783","post","type-post","status-publish","format-standard","has-post-thumbnail","hentry","category-destaque"],"jetpack_featured_media_url":"","jetpack_sharing_enabled":true,"_links":{"self":[{"href":"https:\/\/www.oparanews.com.br\/index.php\/wp-json\/wp\/v2\/posts\/21783","targetHints":{"allow":["GET"]}}],"collection":[{"href":"https:\/\/www.oparanews.com.br\/index.php\/wp-json\/wp\/v2\/posts"}],"about":[{"href":"https:\/\/www.oparanews.com.br\/index.php\/wp-json\/wp\/v2\/types\/post"}],"author":[{"embeddable":true,"href":"https:\/\/www.oparanews.com.br\/index.php\/wp-json\/wp\/v2\/users\/1"}],"replies":[{"embeddable":true,"href":"https:\/\/www.oparanews.com.br\/index.php\/wp-json\/wp\/v2\/comments?post=21783"}],"version-history":[{"count":0,"href":"https:\/\/www.oparanews.com.br\/index.php\/wp-json\/wp\/v2\/posts\/21783\/revisions"}],"wp:featuredmedia":[{"embeddable":true,"href":"https:\/\/www.oparanews.com.br\/index.php\/wp-json\/"}],"wp:attachment":[{"href":"https:\/\/www.oparanews.com.br\/index.php\/wp-json\/wp\/v2\/media?parent=21783"}],"wp:term":[{"taxonomy":"category","embeddable":true,"href":"https:\/\/www.oparanews.com.br\/index.php\/wp-json\/wp\/v2\/categories?post=21783"},{"taxonomy":"post_tag","embeddable":true,"href":"https:\/\/www.oparanews.com.br\/index.php\/wp-json\/wp\/v2\/tags?post=21783"}],"curies":[{"name":"wp","href":"https:\/\/api.w.org\/{rel}","templated":true}]}}