{"id":21786,"date":"2022-02-18T19:46:54","date_gmt":"2022-02-18T19:46:54","guid":{"rendered":"https:\/\/oparanews.com.br\/?p=21786"},"modified":"2022-02-18T19:46:54","modified_gmt":"2022-02-18T19:46:54","slug":"alagoas-confirma-mais-11-mortes-e-436-novos-casos-de-covid","status":"publish","type":"post","link":"https:\/\/www.oparanews.com.br\/index.php\/2022\/02\/18\/alagoas-confirma-mais-11-mortes-e-436-novos-casos-de-covid\/","title":{"rendered":"Alagoas confirma mais 11 mortes e 436 novos casos de Covid"},"content":{"rendered":"<p>A Secretaria de Estado da Sa\u00fade de Alagoas (Sesau) confirmou mais 11 mortes por Covid e 436 novos casos da doen\u00e7a. As informa\u00e7\u00f5es constam no boletim epidemiol\u00f3gico desta sexta-feira (18).<\/p>\n<p>Com a atualiza\u00e7\u00e3o, o estado tem agora 288.183 casos conhecidos e 6.577 mortes de pessoas infectadas pelo coronav\u00edrus desde o in\u00edcio da pandemia, em 2020.<\/p>\n<p>Entre os casos confirmados, 4.553 est\u00e3o se recuperando em casa e outros 276.556 pacientes j\u00e1 conseguiram se recuperar. O estado tem ainda 4.472 casos suspeitos.<\/p>\n<p><strong>Mais 11 mortes por Covid em Alagoas<\/strong><\/p>\n<p>As mortes confirmadas no mais recente boletim foram de pacientes residentes em Macei\u00f3 (6), Uni\u00e3o dos Palmares (2), Anadia (1), Boca da Mata (1), Campo Alegre (1). Veja os detalhes abaixo:<\/p>\n<p>Macei\u00f3: homem, 95 anos, hipertenso<br \/>\nMacei\u00f3: homem, 99 anos, doen\u00e7a card\u00edaca cr\u00f4nica<br \/>\nMacei\u00f3: mulher, 80 anos, hipertensa<br \/>\nMacei\u00f3: mulher, 82 anos, hipertensa<br \/>\nMacei\u00f3: mulher, 85 anos, doen\u00e7a renal cr\u00f4nica, hipertens\u00e3o arterial e diabetes<br \/>\nMacei\u00f3: mulher, 87 anos, depress\u00e3o, Doen\u00e7a Pulmonar Obstrutiva Cr\u00f4nica (DPOC), dem\u00eancia senil, obesidade e hipertens\u00e3o arterial<br \/>\nUni\u00e3o dos Palmares: mulher, 78 anos, sem comorbidades<br \/>\nUni\u00e3o dos Palmares: homem, 81 anos, hipertenso e cardiopata<br \/>\nAnadia: homem, 80 anos, sem comorbidades<br \/>\nBoca da Mata: homem, 55 anos, sem comorbidades<br \/>\nCampo Alegre: homem, 46 anos, doen\u00e7a renal cr\u00f4nica, doen\u00e7a autoimune, neoplasia, hipertens\u00e3o e diabetes<\/p>\n<p>&nbsp;<\/p>\n<p><strong>Fonte: G1\/AL<\/strong><\/p>\n<p>&nbsp;<\/p>\n","protected":false},"excerpt":{"rendered":"<p>A Secretaria de Estado da Sa\u00fade de Alagoas (Sesau) confirmou mais 11 mortes por Covid e 436 novos casos da doen\u00e7a. As informa\u00e7\u00f5es constam no boletim epidemiol\u00f3gico desta sexta-feira (18). Com a atualiza\u00e7\u00e3o, o estado tem agora 288.183 casos conhecidos e 6.577 mortes de pessoas infectadas pelo coronav\u00edrus desde o in\u00edcio da pandemia, em 2020. &hellip;<\/p>\n","protected":false},"author":1,"featured_media":9389,"comment_status":"closed","ping_status":"closed","sticky":false,"template":"","format":"standard","meta":{"_jetpack_memberships_contains_paid_content":false,"footnotes":""},"categories":[1],"tags":[],"class_list":["post-21786","post","type-post","status-publish","format-standard","has-post-thumbnail","hentry","category-destaque"],"jetpack_featured_media_url":"","jetpack_sharing_enabled":true,"_links":{"self":[{"href":"https:\/\/www.oparanews.com.br\/index.php\/wp-json\/wp\/v2\/posts\/21786","targetHints":{"allow":["GET"]}}],"collection":[{"href":"https:\/\/www.oparanews.com.br\/index.php\/wp-json\/wp\/v2\/posts"}],"about":[{"href":"https:\/\/www.oparanews.com.br\/index.php\/wp-json\/wp\/v2\/types\/post"}],"author":[{"embeddable":true,"href":"https:\/\/www.oparanews.com.br\/index.php\/wp-json\/wp\/v2\/users\/1"}],"replies":[{"embeddable":true,"href":"https:\/\/www.oparanews.com.br\/index.php\/wp-json\/wp\/v2\/comments?post=21786"}],"version-history":[{"count":0,"href":"https:\/\/www.oparanews.com.br\/index.php\/wp-json\/wp\/v2\/posts\/21786\/revisions"}],"wp:featuredmedia":[{"embeddable":true,"href":"https:\/\/www.oparanews.com.br\/index.php\/wp-json\/"}],"wp:attachment":[{"href":"https:\/\/www.oparanews.com.br\/index.php\/wp-json\/wp\/v2\/media?parent=21786"}],"wp:term":[{"taxonomy":"category","embeddable":true,"href":"https:\/\/www.oparanews.com.br\/index.php\/wp-json\/wp\/v2\/categories?post=21786"},{"taxonomy":"post_tag","embeddable":true,"href":"https:\/\/www.oparanews.com.br\/index.php\/wp-json\/wp\/v2\/tags?post=21786"}],"curies":[{"name":"wp","href":"https:\/\/api.w.org\/{rel}","templated":true}]}}