{"id":21971,"date":"2022-03-04T23:20:40","date_gmt":"2022-03-05T02:20:40","guid":{"rendered":"http:\/\/oparanews.com.br\/?p=21971"},"modified":"2022-03-04T23:20:40","modified_gmt":"2022-03-05T02:20:40","slug":"calcinha-preta-anuncia-retorno-aos-palcos-apos-morte-de-paulinha","status":"publish","type":"post","link":"https:\/\/www.oparanews.com.br\/index.php\/2022\/03\/04\/calcinha-preta-anuncia-retorno-aos-palcos-apos-morte-de-paulinha\/","title":{"rendered":"Calcinha Preta anuncia retorno aos palcos ap\u00f3s morte de Paulinha"},"content":{"rendered":"<p>A banda Calcinha Preta anunciou que vai retomar sua agenda de shows em 11 de mar\u00e7o. O grupo de forr\u00f3 suspendeu as apresenta\u00e7\u00f5es em 21 de fevereiro, quando a vocalista Paulinha Abelha estava em coma. Ela morreu na \u00faltima quarta-feira (23\/2).<\/p>\n<p>O an\u00fancio do retorno foi feito pela Faz M\u00eddia, escrit\u00f3rio respons\u00e1vel pela Calcinha Preta, no perfil oficial da banda.<\/p>\n<p>\u201cEmbora estejamos profundamente entristecidos pela perda precoce da querida Paulinha Abelha, o grupo manter\u00e1 os seus compromissos de trabalho, retomando a agenda de shows no pr\u00f3ximo final de semana, dia 11\/03, em Mata Roma (MA)\u201d, diz o texto.<\/p>\n<p>\u201cPrecisamos recome\u00e7ar, pelo amor que sempre vai existir em nosso cora\u00e7\u00e3o e nas m\u00fasicas que a Abelha eternizou\u201d, completa o texto.<\/p>\n<p>Para homenagear Paulinha Abelha, o grupo mudou a logomarca da banda, que agora conta com o desenho de uma abelha. Eles tamb\u00e9m revelaram que n\u00e3o v\u00e3o substituir a vocalista: \u201cA banda seguir\u00e1 com Daniel Diau, Silv\u00e2nia Aquino e Bell Oliver\u201d.<\/p>\n<p>&nbsp;<\/p>\n<p><strong>Fonte: Metr\u00f3poles<\/strong><\/p>\n","protected":false},"excerpt":{"rendered":"<p>A banda Calcinha Preta anunciou que vai retomar sua agenda de shows em 11 de mar\u00e7o. O grupo de forr\u00f3 suspendeu as apresenta\u00e7\u00f5es em 21 de fevereiro, quando a vocalista Paulinha Abelha estava em coma. Ela morreu na \u00faltima quarta-feira (23\/2). O an\u00fancio do retorno foi feito pela Faz M\u00eddia, escrit\u00f3rio respons\u00e1vel pela Calcinha Preta, &hellip;<\/p>\n","protected":false},"author":2,"featured_media":21972,"comment_status":"open","ping_status":"open","sticky":false,"template":"","format":"standard","meta":{"_jetpack_memberships_contains_paid_content":false,"footnotes":""},"categories":[7],"tags":[],"class_list":["post-21971","post","type-post","status-publish","format-standard","has-post-thumbnail","hentry","category-entretenimento"],"jetpack_featured_media_url":"https:\/\/www.oparanews.com.br\/wp-content\/uploads\/2022\/03\/foto-paulinha-abelha-calcinha-preta-3.webp","jetpack_sharing_enabled":true,"_links":{"self":[{"href":"https:\/\/www.oparanews.com.br\/index.php\/wp-json\/wp\/v2\/posts\/21971","targetHints":{"allow":["GET"]}}],"collection":[{"href":"https:\/\/www.oparanews.com.br\/index.php\/wp-json\/wp\/v2\/posts"}],"about":[{"href":"https:\/\/www.oparanews.com.br\/index.php\/wp-json\/wp\/v2\/types\/post"}],"author":[{"embeddable":true,"href":"https:\/\/www.oparanews.com.br\/index.php\/wp-json\/wp\/v2\/users\/2"}],"replies":[{"embeddable":true,"href":"https:\/\/www.oparanews.com.br\/index.php\/wp-json\/wp\/v2\/comments?post=21971"}],"version-history":[{"count":1,"href":"https:\/\/www.oparanews.com.br\/index.php\/wp-json\/wp\/v2\/posts\/21971\/revisions"}],"predecessor-version":[{"id":21973,"href":"https:\/\/www.oparanews.com.br\/index.php\/wp-json\/wp\/v2\/posts\/21971\/revisions\/21973"}],"wp:featuredmedia":[{"embeddable":true,"href":"https:\/\/www.oparanews.com.br\/index.php\/wp-json\/wp\/v2\/media\/21972"}],"wp:attachment":[{"href":"https:\/\/www.oparanews.com.br\/index.php\/wp-json\/wp\/v2\/media?parent=21971"}],"wp:term":[{"taxonomy":"category","embeddable":true,"href":"https:\/\/www.oparanews.com.br\/index.php\/wp-json\/wp\/v2\/categories?post=21971"},{"taxonomy":"post_tag","embeddable":true,"href":"https:\/\/www.oparanews.com.br\/index.php\/wp-json\/wp\/v2\/tags?post=21971"}],"curies":[{"name":"wp","href":"https:\/\/api.w.org\/{rel}","templated":true}]}}