{"id":21979,"date":"2022-03-05T00:43:08","date_gmt":"2022-03-05T03:43:08","guid":{"rendered":"http:\/\/oparanews.com.br\/?p=21979"},"modified":"2022-03-05T00:43:08","modified_gmt":"2022-03-05T03:43:08","slug":"oab-alagoas-promove-dia-de-vacinacao-contra-a-covid-19-na-proxima-terca","status":"publish","type":"post","link":"https:\/\/www.oparanews.com.br\/index.php\/2022\/03\/05\/oab-alagoas-promove-dia-de-vacinacao-contra-a-covid-19-na-proxima-terca\/","title":{"rendered":"OAB Alagoas promove dia de vacina\u00e7\u00e3o contra a Covid-19 na pr\u00f3xima ter\u00e7a"},"content":{"rendered":"<p>Com intuito de estimular a vacina\u00e7\u00e3o contra a Covid-19, na pr\u00f3xima ter\u00e7a-feira (8), a Ordem dos Advogados do Brasil em Alagoas (OAB\/AL) ir\u00e1 promover um dia de imuniza\u00e7\u00e3o para quem ainda n\u00e3o completou seu ciclo vacinal.<\/p>\n<p>A a\u00e7\u00e3o acontecer\u00e1 na sede da OAB\/AL, localizada no bairro Jacarecica, das 9h \u00e0s 16h, e ser\u00e1 aberta para toda popula\u00e7\u00e3o maceioense, em uma parceria da Ordem dos Advogados com a Cruz Vermelha Brasileira e com a Prefeitura de Macei\u00f3.<\/p>\n<p>Para se vacinar, basta o cidad\u00e3o comparecer ao local da a\u00e7\u00e3o e apresentar um documento de identifica\u00e7\u00e3o com foto, o cart\u00e3o de vacina\u00e7\u00e3o e comprovante de resid\u00eancia. O \u201c\u00d4nibus da Vacina\u00e7\u00e3o\u201d estar\u00e1 dispon\u00edvel para que a equipe t\u00e9cnica da Prefeitura de Macei\u00f3 atue aplicando os imunizantes.<\/p>\n<p>&nbsp;<\/p>\n<p><strong>por Thauane Rodrigues\/Gazetaweb, com assessoria<\/strong><\/p>\n","protected":false},"excerpt":{"rendered":"<p>Com intuito de estimular a vacina\u00e7\u00e3o contra a Covid-19, na pr\u00f3xima ter\u00e7a-feira (8), a Ordem dos Advogados do Brasil em Alagoas (OAB\/AL) ir\u00e1 promover um dia de imuniza\u00e7\u00e3o para quem ainda n\u00e3o completou seu ciclo vacinal. A a\u00e7\u00e3o acontecer\u00e1 na sede da OAB\/AL, localizada no bairro Jacarecica, das 9h \u00e0s 16h, e ser\u00e1 aberta para &hellip;<\/p>\n","protected":false},"author":2,"featured_media":21980,"comment_status":"open","ping_status":"open","sticky":false,"template":"","format":"standard","meta":{"_jetpack_memberships_contains_paid_content":false,"footnotes":""},"categories":[4],"tags":[],"class_list":["post-21979","post","type-post","status-publish","format-standard","has-post-thumbnail","hentry","category-alagoas"],"jetpack_featured_media_url":"https:\/\/www.oparanews.com.br\/wp-content\/uploads\/2022\/03\/fachada_oab.png","jetpack_sharing_enabled":true,"_links":{"self":[{"href":"https:\/\/www.oparanews.com.br\/index.php\/wp-json\/wp\/v2\/posts\/21979","targetHints":{"allow":["GET"]}}],"collection":[{"href":"https:\/\/www.oparanews.com.br\/index.php\/wp-json\/wp\/v2\/posts"}],"about":[{"href":"https:\/\/www.oparanews.com.br\/index.php\/wp-json\/wp\/v2\/types\/post"}],"author":[{"embeddable":true,"href":"https:\/\/www.oparanews.com.br\/index.php\/wp-json\/wp\/v2\/users\/2"}],"replies":[{"embeddable":true,"href":"https:\/\/www.oparanews.com.br\/index.php\/wp-json\/wp\/v2\/comments?post=21979"}],"version-history":[{"count":1,"href":"https:\/\/www.oparanews.com.br\/index.php\/wp-json\/wp\/v2\/posts\/21979\/revisions"}],"predecessor-version":[{"id":21981,"href":"https:\/\/www.oparanews.com.br\/index.php\/wp-json\/wp\/v2\/posts\/21979\/revisions\/21981"}],"wp:featuredmedia":[{"embeddable":true,"href":"https:\/\/www.oparanews.com.br\/index.php\/wp-json\/wp\/v2\/media\/21980"}],"wp:attachment":[{"href":"https:\/\/www.oparanews.com.br\/index.php\/wp-json\/wp\/v2\/media?parent=21979"}],"wp:term":[{"taxonomy":"category","embeddable":true,"href":"https:\/\/www.oparanews.com.br\/index.php\/wp-json\/wp\/v2\/categories?post=21979"},{"taxonomy":"post_tag","embeddable":true,"href":"https:\/\/www.oparanews.com.br\/index.php\/wp-json\/wp\/v2\/tags?post=21979"}],"curies":[{"name":"wp","href":"https:\/\/api.w.org\/{rel}","templated":true}]}}