{"id":22058,"date":"2022-03-07T14:45:55","date_gmt":"2022-03-07T17:45:55","guid":{"rendered":"https:\/\/oparanews.com.br\/?p=22058"},"modified":"2022-03-07T14:45:55","modified_gmt":"2022-03-07T17:45:55","slug":"nao-vamos-nos-precipitar-diz-renan-filho-sobre-flexibilizacao-do-uso-de-mascaras-em-alagoas","status":"publish","type":"post","link":"https:\/\/www.oparanews.com.br\/index.php\/2022\/03\/07\/nao-vamos-nos-precipitar-diz-renan-filho-sobre-flexibilizacao-do-uso-de-mascaras-em-alagoas\/","title":{"rendered":"&#8220;N\u00e3o vamos nos precipitar&#8221;, diz Renan Filho sobre flexibiliza\u00e7\u00e3o do uso de m\u00e1scaras em Alagoas"},"content":{"rendered":"<p>O governador de Alagoas, Renan Filho (MDB), disse, nesta segunda-feira, 07, que o Estado n\u00e3o vai tomar nenhuma decis\u00e3o precipitada sobre a libera\u00e7\u00e3o do uso obrigat\u00f3rio de m\u00e1scaras. O gestor ainda criticou cidades e estados que flexibilizaram o uso do equipamento e ressaltou que o assunto ser\u00e1 analisado nos pr\u00f3ximos meses.<\/p>\n<p>Em entrevista coletiva \u00e0 imprensa, quando participava da Conven\u00e7\u00e3o Estadual do MDB, Renan Filho destacou o avan\u00e7o da variante \u00d4micron da Covid-19 nos \u00faltimos meses em Alagoas. O governador n\u00e3o deu nenhum prazo para decretar o fim da obrigatoriedade do uso de m\u00e1scaras e ainda destacou a import\u00e2ncia do \u00edtem como forma de preven\u00e7\u00e3o.<\/p>\n<p>\u201cVimos o avan\u00e7o da \u00d4micron nos \u00faltimos meses, principalmente no nosso estado. Todo mundo quer se livrar das m\u00e1scaras, mas sabemos que elas salvam vidas. Inclusive, o Rio de Janeiro, que liberou a obrigatoriedade do uso de m\u00e1scaras nesta segunda-feira tamb\u00e9m \u00e9 um dos estados com o maior percentual de mortes por habitantes. Ent\u00e3o, qualquer decis\u00e3o ser\u00e1 tomada com calma\u201d.<\/p>\n<p>Flexibiliza\u00e7\u00e3o do uso da m\u00e1scara &#8211; O fim da restri\u00e7\u00e3o \u00e0 obrigatoriedade do uso de m\u00e1scaras vem sendo debatido por diversos estados e pelo governo federal. Ao menos cinco locais j\u00e1 tornaram facultativo o uso do protetor facial contra a Covid-19. O Rio de Janeiro, o Mato Grosso do Sul e o Distrito Federal, j\u00e1 n\u00e3o obrigam que a popula\u00e7\u00e3o use m\u00e1scara em ambientes abertos. J\u00e1 nos estados de Santa Catarina e Rio Grande do Sul, as crian\u00e7as est\u00e3o liberadas, inclusive nas escolas.<\/p>\n<p>O que diz a OMS &#8211; A organiza\u00e7\u00e3o Mundial da Sa\u00fade (OMS), alertou a necessidade das autoridades sanit\u00e1rias continuarem protegendo grupos de risco e promovendo a responsabilidade social e individual, com pol\u00edticas de distanciamento e uso de m\u00e1scaras.<\/p>\n<p>O \u00f3rg\u00e3o divulgou no m\u00eas de fevereiro que alguns pa\u00edses, em breve, entrar\u00e3o no per\u00edodo mais brando da pandemia de covid-19 desde o seu in\u00edcio, no come\u00e7o de 2020. Por\u00e9m, alertaram que um cen\u00e1rio mais otimista poder\u00e1 ser confirmado se os pa\u00edses seguirem firmes nas campanhas de vacina\u00e7\u00e3o e intensificarem a vigil\u00e2ncia para detectar novas variantes.<\/p>\n<p>&nbsp;<\/p>\n<p><strong>por Theo Chaves &#8211; TNH1<\/strong><\/p>\n","protected":false},"excerpt":{"rendered":"<p>O governador de Alagoas, Renan Filho (MDB), disse, nesta segunda-feira, 07, que o Estado n\u00e3o vai tomar nenhuma decis\u00e3o precipitada sobre a libera\u00e7\u00e3o do uso obrigat\u00f3rio de m\u00e1scaras. O gestor ainda criticou cidades e estados que flexibilizaram o uso do equipamento e ressaltou que o assunto ser\u00e1 analisado nos pr\u00f3ximos meses. Em entrevista coletiva \u00e0 &hellip;<\/p>\n","protected":false},"author":2,"featured_media":22060,"comment_status":"open","ping_status":"open","sticky":false,"template":"","format":"standard","meta":{"_jetpack_memberships_contains_paid_content":false,"footnotes":""},"categories":[4],"tags":[],"class_list":["post-22058","post","type-post","status-publish","format-standard","has-post-thumbnail","hentry","category-alagoas"],"jetpack_featured_media_url":"https:\/\/www.oparanews.com.br\/wp-content\/uploads\/2022\/03\/csm_renan_filho_-_convencao_mdb_-_giselia_santos_ef9575e2a1.jpeg","jetpack_sharing_enabled":true,"_links":{"self":[{"href":"https:\/\/www.oparanews.com.br\/index.php\/wp-json\/wp\/v2\/posts\/22058","targetHints":{"allow":["GET"]}}],"collection":[{"href":"https:\/\/www.oparanews.com.br\/index.php\/wp-json\/wp\/v2\/posts"}],"about":[{"href":"https:\/\/www.oparanews.com.br\/index.php\/wp-json\/wp\/v2\/types\/post"}],"author":[{"embeddable":true,"href":"https:\/\/www.oparanews.com.br\/index.php\/wp-json\/wp\/v2\/users\/2"}],"replies":[{"embeddable":true,"href":"https:\/\/www.oparanews.com.br\/index.php\/wp-json\/wp\/v2\/comments?post=22058"}],"version-history":[{"count":1,"href":"https:\/\/www.oparanews.com.br\/index.php\/wp-json\/wp\/v2\/posts\/22058\/revisions"}],"predecessor-version":[{"id":22061,"href":"https:\/\/www.oparanews.com.br\/index.php\/wp-json\/wp\/v2\/posts\/22058\/revisions\/22061"}],"wp:featuredmedia":[{"embeddable":true,"href":"https:\/\/www.oparanews.com.br\/index.php\/wp-json\/wp\/v2\/media\/22060"}],"wp:attachment":[{"href":"https:\/\/www.oparanews.com.br\/index.php\/wp-json\/wp\/v2\/media?parent=22058"}],"wp:term":[{"taxonomy":"category","embeddable":true,"href":"https:\/\/www.oparanews.com.br\/index.php\/wp-json\/wp\/v2\/categories?post=22058"},{"taxonomy":"post_tag","embeddable":true,"href":"https:\/\/www.oparanews.com.br\/index.php\/wp-json\/wp\/v2\/tags?post=22058"}],"curies":[{"name":"wp","href":"https:\/\/api.w.org\/{rel}","templated":true}]}}