{"id":22163,"date":"2022-03-11T16:11:16","date_gmt":"2022-03-11T19:11:16","guid":{"rendered":"https:\/\/oparanews.com.br\/?p=22163"},"modified":"2022-03-11T16:11:16","modified_gmt":"2022-03-11T19:11:16","slug":"escolas-da-semed-penedo-recebem-novos-equipamentos-e-material-didatico","status":"publish","type":"post","link":"https:\/\/www.oparanews.com.br\/index.php\/2022\/03\/11\/escolas-da-semed-penedo-recebem-novos-equipamentos-e-material-didatico\/","title":{"rendered":"Escolas da Semed Penedo recebem novos equipamentos e material did\u00e1tico"},"content":{"rendered":"<p>O Prefeito Ronaldo Lopes e a Secret\u00e1ria C\u00edntya Alves entregaram nesta sexta-feira, 11, equipamentos e material did\u00e1tico nas escolas da Secretaria Municipal de Educa\u00e7\u00e3o (Semed).<\/p>\n<p>A rede de ensino mantida pela Prefeitura de Penedo inicia o ano letivo na pr\u00f3xima segunda-feira, 14, com novos fog\u00f5es industriais, multiprocessadores, utens\u00edlios de cozinha, garrafas t\u00e9rmicas, extratores de suco e batedeiras.<\/p>\n<p>Os investimentos que geram melhor condi\u00e7\u00e3o de trabalho tamb\u00e9m inclui Equipamentos de Prote\u00e7\u00e3o Individual (EPIs) e estoque renovado dos materiais de limpeza, garantindo seguran\u00e7a para colaboradores e estudantes.<\/p>\n<p>O ano letivo ser\u00e1 iniciado com 100% das atividades presenciais em escolas de alto padr\u00e3o estrutural, recentemente climatizadas e prontas para receber alunos e alunas no ambiente escolar.<\/p>\n<p>As creches municipais receberam material de higiene pessoal e fraldas e ir\u00e3o funcionar na primeira semana do ano letivo 2022 apenas no primeiro hor\u00e1rio.<\/p>\n<p>A Semed tamb\u00e9m investe na parte pedag\u00f3gica, com profissionais da \u00e1rea, para melhorar o processo de ensino\/aprendizagem.<\/p>\n<p>\u201cA cada dia que se aproxima do retorno das aulas, nossa ansiedade aumenta, mas cresce tamb\u00e9m a certeza que tudo dar\u00e1 certo, pois temos em cada escola e creches profissionais qualificados e dedicados\u201d, afirma a Secret\u00e1ria C\u00edntya Alves.<\/p>\n<p>\u201cCom apoio do Prefeito Ronaldo Lopes, seguiremos equipando nossas unidades de ensino, ofertando um ensino de qualidade que s\u00f3 \u00e9 poss\u00edvel quando o espa\u00e7o di\u00e1rio dos docentes e discentes est\u00e1 estruturado\u201d, conclui a gestora da Semed Penedo.<\/p>\n<p>&nbsp;<\/p>\n<p><strong>por Ricardo J\u00fanior com Decom PMP<\/strong><\/p>\n","protected":false},"excerpt":{"rendered":"<p>O Prefeito Ronaldo Lopes e a Secret\u00e1ria C\u00edntya Alves entregaram nesta sexta-feira, 11, equipamentos e material did\u00e1tico nas escolas da Secretaria Municipal de Educa\u00e7\u00e3o (Semed). A rede de ensino mantida pela Prefeitura de Penedo inicia o ano letivo na pr\u00f3xima segunda-feira, 14, com novos fog\u00f5es industriais, multiprocessadores, utens\u00edlios de cozinha, garrafas t\u00e9rmicas, extratores de suco &hellip;<\/p>\n","protected":false},"author":2,"featured_media":22164,"comment_status":"open","ping_status":"open","sticky":false,"template":"","format":"standard","meta":{"_jetpack_memberships_contains_paid_content":false,"footnotes":""},"categories":[1,3],"tags":[],"class_list":["post-22163","post","type-post","status-publish","format-standard","has-post-thumbnail","hentry","category-destaque","category-penedo"],"jetpack_featured_media_url":"https:\/\/www.oparanews.com.br\/wp-content\/uploads\/2022\/03\/ronaldo-lopes-material-semed.jpg","jetpack_sharing_enabled":true,"_links":{"self":[{"href":"https:\/\/www.oparanews.com.br\/index.php\/wp-json\/wp\/v2\/posts\/22163","targetHints":{"allow":["GET"]}}],"collection":[{"href":"https:\/\/www.oparanews.com.br\/index.php\/wp-json\/wp\/v2\/posts"}],"about":[{"href":"https:\/\/www.oparanews.com.br\/index.php\/wp-json\/wp\/v2\/types\/post"}],"author":[{"embeddable":true,"href":"https:\/\/www.oparanews.com.br\/index.php\/wp-json\/wp\/v2\/users\/2"}],"replies":[{"embeddable":true,"href":"https:\/\/www.oparanews.com.br\/index.php\/wp-json\/wp\/v2\/comments?post=22163"}],"version-history":[{"count":1,"href":"https:\/\/www.oparanews.com.br\/index.php\/wp-json\/wp\/v2\/posts\/22163\/revisions"}],"predecessor-version":[{"id":22165,"href":"https:\/\/www.oparanews.com.br\/index.php\/wp-json\/wp\/v2\/posts\/22163\/revisions\/22165"}],"wp:featuredmedia":[{"embeddable":true,"href":"https:\/\/www.oparanews.com.br\/index.php\/wp-json\/wp\/v2\/media\/22164"}],"wp:attachment":[{"href":"https:\/\/www.oparanews.com.br\/index.php\/wp-json\/wp\/v2\/media?parent=22163"}],"wp:term":[{"taxonomy":"category","embeddable":true,"href":"https:\/\/www.oparanews.com.br\/index.php\/wp-json\/wp\/v2\/categories?post=22163"},{"taxonomy":"post_tag","embeddable":true,"href":"https:\/\/www.oparanews.com.br\/index.php\/wp-json\/wp\/v2\/tags?post=22163"}],"curies":[{"name":"wp","href":"https:\/\/api.w.org\/{rel}","templated":true}]}}