{"id":22169,"date":"2022-03-11T16:21:08","date_gmt":"2022-03-11T19:21:08","guid":{"rendered":"https:\/\/oparanews.com.br\/?p=22169"},"modified":"2022-03-11T16:21:08","modified_gmt":"2022-03-11T19:21:08","slug":"covid-19-ja-e-endemia-diz-secretario-de-saude-do-rio","status":"publish","type":"post","link":"https:\/\/www.oparanews.com.br\/index.php\/2022\/03\/11\/covid-19-ja-e-endemia-diz-secretario-de-saude-do-rio\/","title":{"rendered":"Covid-19 j\u00e1 \u00e9 endemia, diz secret\u00e1rio de Sa\u00fade do Rio"},"content":{"rendered":"<p>O secret\u00e1rio municipal de Sa\u00fade do Rio de Janeiro, Daniel Soranz, disse hoje (11) que a covid-19 j\u00e1 pode ser considerada uma endemia e que \u00e9 improv\u00e1vel pensar que ela ser\u00e1 erradicada. A cidade aboliu praticamente todas as medidas restritivas de preven\u00e7\u00e3o \u00e0 doen\u00e7a, inclusive o uso de m\u00e1scaras em locais fechados, e mant\u00e9m apenas a exig\u00eancia de passaporte vacinal para o acesso a ambientes fechados.<\/p>\n<p>&#8220;A gente j\u00e1 pode considerar a pandemia de covid-19 como uma endemia, uma doen\u00e7a que vai estar presente ao longo do tempo&#8221;, disse Soranz, em entrevista \u00e0 Ag\u00eancia Brasil e \u00e0 R\u00e1dio Nacional do Rio de Janeiro.<\/p>\n<p>O secret\u00e1rio esteve na sede da Empresa Brasil de Comunica\u00e7\u00e3o (EBC), no Rio de Janeiro, para participar do telejornal Rep\u00f3rter Rio, da TV Brasil, e comentou a decis\u00e3o tomada nesta semana que desobrigou o uso de m\u00e1scaras em todos os locais fechados da cidade.<\/p>\n<p>&#8220;A pandemia, agora, j\u00e1 virou uma endemia. Ela se mant\u00e9m ao longo de um tempo muito grande. Se n\u00e3o aparecer nenhuma nova variante, como aconteceu com a variante \u00d4micron, a gente vai ter um cen\u00e1rio de muito mais normalidade nos pr\u00f3ximos dias&#8221;, disse ao Rep\u00f3rter Rio.<\/p>\n<p>A pandemia de covid-19 foi declarada pela Organiza\u00e7\u00e3o Mundial da Sa\u00fade h\u00e1 dois anos, em 11 mar\u00e7o de 2020, e especialistas explicam que, apesar de governos locais poderem retirar as medidas restritivas, somente a organiza\u00e7\u00e3o pode declarar o fim da pandemia.<\/p>\n<p><strong>Dose de refor\u00e7o<\/strong><\/p>\n<p>Apesar da expectativa positiva em rela\u00e7\u00e3o ao cen\u00e1rio epidemiol\u00f3gico, o secret\u00e1rio fez um apelo para que os 670 mil cariocas que est\u00e3o com a dose de refor\u00e7o atrasada busquem os postos para completar o esquema vacinal.<\/p>\n<p>&#8220;O que a gente sabe hoje \u00e9 que as pessoas vacinadas t\u00eam um risco muito pequeno de adoecer gravemente e ir a \u00f3bito, mas \u00e9 importante que elas saibam que a prote\u00e7\u00e3o vacinal n\u00e3o dura para sempre, ela dura determinado tempo. Quem fez a sua segunda dose com ao menos quatro meses precisa fazer a dose de refor\u00e7o, ela \u00e9 essencial para essa prote\u00e7\u00e3o&#8221;, explicou. &#8220;A gente viu que a dose de refor\u00e7o protege muito, tem uma capacidade de prote\u00e7\u00e3o muito superior \u00e0 segunda dose. Fica nosso apelo aos cariocas&#8221;.<\/p>\n<p>Soranz afirmou, ainda, que o Rio chegou a uma taxa de positividade de apenas 1,4% nos testes de covid-19, o que significa que h\u00e1 uma m\u00e9dia de menos de dois testes positivos em cada 100 realizados. Al\u00e9m disso, a cidade est\u00e1 com uma taxa de transmiss\u00e3o de 0,31, o que indica que 100 casos de covid-19 transmitem a doen\u00e7a para apenas 31, causando uma redu\u00e7\u00e3o no n\u00famero de infectados.<\/p>\n<p>Mesmo assim, a preocupa\u00e7\u00e3o da prefeitura \u00e9 com as pessoas que n\u00e3o completaram o esquema vacinal ou n\u00e3o se vacinaram. A exig\u00eancia do passaporte vacinal s\u00f3 deve ser suspensa quando a cidade atingir 70% da popula\u00e7\u00e3o adulta com a dose de refor\u00e7o. Atualmente, o percentual est\u00e1 em 55%.<\/p>\n<p>&#8220;[Algumas pessoas] est\u00e3o adoecendo gravemente e muitas delas demandando servi\u00e7os hospitalares. Ent\u00e3o, a gente precisa muito que elas continuem a se vacinar, acreditem na vacina e continuem a proteger suas vidas e as vidas das pessoas que as cercam&#8221;, afirmou.<\/p>\n<p><strong>Aglomera\u00e7\u00f5es no carnaval<\/strong><\/p>\n<p>Como o cen\u00e1rio de queda nos casos se manteve mesmo com as aglomera\u00e7\u00f5es registradas no carnaval, o secret\u00e1rio de Sa\u00fade espera que os desfiles na Marqu\u00eas de Sapuca\u00ed, marcados para abril, aconte\u00e7am sem problemas.<\/p>\n<p>&#8220;O carnaval n\u00e3o foi um problema na data original, mesmo com as aglomera\u00e7\u00f5es, e a gente espera que o carnaval na Sapuca\u00ed aconte\u00e7a normalmente, que as pessoas possam voltar a ser felizes, estar juntas e voltar um pouco o jeito carioca de ser&#8221;, disse ele. &#8220;Com esse cen\u00e1rio epidemiol\u00f3gico favor\u00e1vel, a gente tem muita seguran\u00e7a de que d\u00e1 para fazer [o carnaval], desde que os cariocas continuem a se vacinar e a tomar a dose de refor\u00e7o&#8221;, acentuou.<\/p>\n<p>Apesar de praticamente todas as medidas restritivas terem sido suspensas na cidade, Daniel Soranz pondera que elas podem voltar caso alguma nova variante mude o cen\u00e1rio epidemiol\u00f3gico. Ele destacou que ainda n\u00e3o h\u00e1 evid\u00eancias de que um aumento de casos poderia ser causado pela variante Deltacron, detectada no exterior, e chamou a aten\u00e7\u00e3o dos pesquisadores porque ela combina caracter\u00edsticas das variantes Delta e \u00d4micron.<\/p>\n<p>&#8220;Temos sempre que estar acompanhando qualquer mudan\u00e7a de cen\u00e1rio no Brasil e no mundo, e, se necess\u00e1rio, mudar as medidas restritivas. Mas, nesse momento, a gente tem um cen\u00e1rio muito positivo, de queda permanente&#8221;, finalizou.<\/p>\n<p>&nbsp;<\/p>\n<p><strong>Fonte: Ag\u00eancia Brasil<\/strong><\/p>\n","protected":false},"excerpt":{"rendered":"<p>O secret\u00e1rio municipal de Sa\u00fade do Rio de Janeiro, Daniel Soranz, disse hoje (11) que a covid-19 j\u00e1 pode ser considerada uma endemia e que \u00e9 improv\u00e1vel pensar que ela ser\u00e1 erradicada. A cidade aboliu praticamente todas as medidas restritivas de preven\u00e7\u00e3o \u00e0 doen\u00e7a, inclusive o uso de m\u00e1scaras em locais fechados, e mant\u00e9m apenas &hellip;<\/p>\n","protected":false},"author":2,"featured_media":22170,"comment_status":"open","ping_status":"open","sticky":false,"template":"","format":"standard","meta":{"_jetpack_memberships_contains_paid_content":false,"footnotes":""},"categories":[5],"tags":[],"class_list":["post-22169","post","type-post","status-publish","format-standard","has-post-thumbnail","hentry","category-brasil-mundo"],"jetpack_featured_media_url":"https:\/\/www.oparanews.com.br\/wp-content\/uploads\/2022\/03\/megavacinacao_covid-19_tmazs_abr_112120210221.jpg","jetpack_sharing_enabled":true,"_links":{"self":[{"href":"https:\/\/www.oparanews.com.br\/index.php\/wp-json\/wp\/v2\/posts\/22169","targetHints":{"allow":["GET"]}}],"collection":[{"href":"https:\/\/www.oparanews.com.br\/index.php\/wp-json\/wp\/v2\/posts"}],"about":[{"href":"https:\/\/www.oparanews.com.br\/index.php\/wp-json\/wp\/v2\/types\/post"}],"author":[{"embeddable":true,"href":"https:\/\/www.oparanews.com.br\/index.php\/wp-json\/wp\/v2\/users\/2"}],"replies":[{"embeddable":true,"href":"https:\/\/www.oparanews.com.br\/index.php\/wp-json\/wp\/v2\/comments?post=22169"}],"version-history":[{"count":1,"href":"https:\/\/www.oparanews.com.br\/index.php\/wp-json\/wp\/v2\/posts\/22169\/revisions"}],"predecessor-version":[{"id":22171,"href":"https:\/\/www.oparanews.com.br\/index.php\/wp-json\/wp\/v2\/posts\/22169\/revisions\/22171"}],"wp:featuredmedia":[{"embeddable":true,"href":"https:\/\/www.oparanews.com.br\/index.php\/wp-json\/wp\/v2\/media\/22170"}],"wp:attachment":[{"href":"https:\/\/www.oparanews.com.br\/index.php\/wp-json\/wp\/v2\/media?parent=22169"}],"wp:term":[{"taxonomy":"category","embeddable":true,"href":"https:\/\/www.oparanews.com.br\/index.php\/wp-json\/wp\/v2\/categories?post=22169"},{"taxonomy":"post_tag","embeddable":true,"href":"https:\/\/www.oparanews.com.br\/index.php\/wp-json\/wp\/v2\/tags?post=22169"}],"curies":[{"name":"wp","href":"https:\/\/api.w.org\/{rel}","templated":true}]}}