{"id":22217,"date":"2022-03-13T13:30:26","date_gmt":"2022-03-13T16:30:26","guid":{"rendered":"https:\/\/oparanews.com.br\/?p=22217"},"modified":"2022-03-13T13:30:26","modified_gmt":"2022-03-13T16:30:26","slug":"mulher-e-esfaqueada-em-tentativa-de-feminicidio-e-companheiro-e-preso-em-maceio","status":"publish","type":"post","link":"https:\/\/www.oparanews.com.br\/index.php\/2022\/03\/13\/mulher-e-esfaqueada-em-tentativa-de-feminicidio-e-companheiro-e-preso-em-maceio\/","title":{"rendered":"Mulher \u00e9 esfaqueada em tentativa de feminic\u00eddio e companheiro \u00e9 preso em Macei\u00f3"},"content":{"rendered":"<p>Um homem foi preso depois de esfaquear a pr\u00f3pria companheira no bairro Petr\u00f3polis, em Macei\u00f3. O caso foi registrado pelo 4\u00ba Batalh\u00e3o da Pol\u00edcia Militar nas primeiras horas deste domingo (13).<\/p>\n<p>Segundo o relat\u00f3rio de ocorr\u00eancias do Centro Integrado de Opera\u00e7\u00f5es de Seguran\u00e7a P\u00fablica, a tentativa de feminic\u00eddio foi denunciada pelos vizinhos do casal. N\u00e3o h\u00e1 informa\u00e7\u00f5es, no entanto, sobre o que teria motivado as agress\u00f5es.<\/p>\n<p>A v\u00edtima, de 49 anos, encontrada ferida, foi resgatada e conduzida para atendimento m\u00e9dico em um hospital particular no bairro Farol. O estado de sa\u00fade dela n\u00e3o foi disponibilizado.<\/p>\n<p>J\u00e1 o agressor, de 40 anos, ofereceu resist\u00eancia \u00e0 abordagem dos policiais e foi necess\u00e1rio o uso da for\u00e7a para cont\u00ea-lo. O homem foi levado \u00e0 delegacia, onde permanece recluso \u00e0 disposi\u00e7\u00e3o da Justi\u00e7a.<\/p>\n<p>Homic\u00eddio em Petr\u00f3polis &#8211; Na noite de s\u00e1bado (12), no mesmo bairro, um homem de 46 anos foi morto a golpes de faca e o principal suspeito do crime \u00e9 o vizinho dele. O assassino n\u00e3o foi encontrado pelos policiais e o homic\u00eddio vai ser investigado.<\/p>\n<p>&nbsp;<\/p>\n<p><strong>Fonte: TNH1<\/strong><\/p>\n","protected":false},"excerpt":{"rendered":"<p>Um homem foi preso depois de esfaquear a pr\u00f3pria companheira no bairro Petr\u00f3polis, em Macei\u00f3. O caso foi registrado pelo 4\u00ba Batalh\u00e3o da Pol\u00edcia Militar nas primeiras horas deste domingo (13). Segundo o relat\u00f3rio de ocorr\u00eancias do Centro Integrado de Opera\u00e7\u00f5es de Seguran\u00e7a P\u00fablica, a tentativa de feminic\u00eddio foi denunciada pelos vizinhos do casal. N\u00e3o &hellip;<\/p>\n","protected":false},"author":2,"featured_media":22218,"comment_status":"open","ping_status":"open","sticky":false,"template":"","format":"standard","meta":{"_jetpack_memberships_contains_paid_content":false,"footnotes":""},"categories":[4],"tags":[],"class_list":["post-22217","post","type-post","status-publish","format-standard","has-post-thumbnail","hentry","category-alagoas"],"jetpack_featured_media_url":"https:\/\/www.oparanews.com.br\/wp-content\/uploads\/2022\/03\/csm_csm_Central_de_Flagrantes_TNH_2_601f7bf214_19c71f5545.jpg","jetpack_sharing_enabled":true,"_links":{"self":[{"href":"https:\/\/www.oparanews.com.br\/index.php\/wp-json\/wp\/v2\/posts\/22217","targetHints":{"allow":["GET"]}}],"collection":[{"href":"https:\/\/www.oparanews.com.br\/index.php\/wp-json\/wp\/v2\/posts"}],"about":[{"href":"https:\/\/www.oparanews.com.br\/index.php\/wp-json\/wp\/v2\/types\/post"}],"author":[{"embeddable":true,"href":"https:\/\/www.oparanews.com.br\/index.php\/wp-json\/wp\/v2\/users\/2"}],"replies":[{"embeddable":true,"href":"https:\/\/www.oparanews.com.br\/index.php\/wp-json\/wp\/v2\/comments?post=22217"}],"version-history":[{"count":1,"href":"https:\/\/www.oparanews.com.br\/index.php\/wp-json\/wp\/v2\/posts\/22217\/revisions"}],"predecessor-version":[{"id":22219,"href":"https:\/\/www.oparanews.com.br\/index.php\/wp-json\/wp\/v2\/posts\/22217\/revisions\/22219"}],"wp:featuredmedia":[{"embeddable":true,"href":"https:\/\/www.oparanews.com.br\/index.php\/wp-json\/wp\/v2\/media\/22218"}],"wp:attachment":[{"href":"https:\/\/www.oparanews.com.br\/index.php\/wp-json\/wp\/v2\/media?parent=22217"}],"wp:term":[{"taxonomy":"category","embeddable":true,"href":"https:\/\/www.oparanews.com.br\/index.php\/wp-json\/wp\/v2\/categories?post=22217"},{"taxonomy":"post_tag","embeddable":true,"href":"https:\/\/www.oparanews.com.br\/index.php\/wp-json\/wp\/v2\/tags?post=22217"}],"curies":[{"name":"wp","href":"https:\/\/api.w.org\/{rel}","templated":true}]}}