{"id":22237,"date":"2022-03-14T15:44:23","date_gmt":"2022-03-14T18:44:23","guid":{"rendered":"https:\/\/oparanews.com.br\/?p=22237"},"modified":"2022-03-14T15:44:23","modified_gmt":"2022-03-14T18:44:23","slug":"arapiraca-desobriga-o-uso-de-mascara-de-protecao-em-locais-abertos-e-fechados","status":"publish","type":"post","link":"https:\/\/www.oparanews.com.br\/index.php\/2022\/03\/14\/arapiraca-desobriga-o-uso-de-mascara-de-protecao-em-locais-abertos-e-fechados\/","title":{"rendered":"Arapiraca desobriga o uso de m\u00e1scara de prote\u00e7\u00e3o em locais abertos e fechados"},"content":{"rendered":"<p>Depois de Macei\u00f3 anunciar a flexibiliza\u00e7\u00e3o do uso de m\u00e1scaras de prote\u00e7\u00e3o contra a Covid-19, Arapiraca tamb\u00e9m publicou um decreto no qual estabelece a libera\u00e7\u00e3o da obrigatoriedade do equipamento de prote\u00e7\u00e3o em ambientes abertos e fechados do munic\u00edpio. Funcionamento de casas de shows, eventos sociais e esportivos, que acarretam em aglomera\u00e7\u00f5es, tamb\u00e9m fica liberado na cidade.<\/p>\n<p>O decreto leva em considera\u00e7\u00e3o a disponibiliza\u00e7\u00e3o de vacina contra a Covid-19 para a popula\u00e7\u00e3o arapiraquense. Apesar de liberar o uso da m\u00e1scara, a publica\u00e7\u00e3o deixa a cargo de cada estabelecimento p\u00fablico ou privado a exig\u00eancia do uso da prote\u00e7\u00e3o. Ou seja, cada estabelecimento ou \u00f3rg\u00e3o p\u00fablico poe decidir se vai exigir o uso da m\u00e1scara em suas depend\u00eancias.<\/p>\n<p>Locais que promovam feiras de neg\u00f3cios, shows, entretenimento, eventos sociais e esportivos poder\u00e3o funcionar, a partir de agora, normalmente.<\/p>\n<p>Arapiraca \u00e9 o primeiro munic\u00edpio do interior de Alagoas a anunciar a medida. Desde o in\u00edcio da pandemia, a cidade registrou 35.750 casos de Covid-19, com 560 \u00f3bitos. De acordo com o \u00faltimo boletim epidemiol\u00f3gico, divulgado pela Sesau nesse domingo (13), Arapiraca conta atualmente com 32 casos da doen\u00e7a em investiga\u00e7\u00e3o.<\/p>\n<p>&nbsp;<\/p>\n<p><strong>por Jamylle Bezerra &#8211; Gazetaweb<\/strong><\/p>\n","protected":false},"excerpt":{"rendered":"<p>Depois de Macei\u00f3 anunciar a flexibiliza\u00e7\u00e3o do uso de m\u00e1scaras de prote\u00e7\u00e3o contra a Covid-19, Arapiraca tamb\u00e9m publicou um decreto no qual estabelece a libera\u00e7\u00e3o da obrigatoriedade do equipamento de prote\u00e7\u00e3o em ambientes abertos e fechados do munic\u00edpio. Funcionamento de casas de shows, eventos sociais e esportivos, que acarretam em aglomera\u00e7\u00f5es, tamb\u00e9m fica liberado na &hellip;<\/p>\n","protected":false},"author":2,"featured_media":22238,"comment_status":"open","ping_status":"open","sticky":false,"template":"","format":"standard","meta":{"_jetpack_memberships_contains_paid_content":false,"footnotes":""},"categories":[4],"tags":[],"class_list":["post-22237","post","type-post","status-publish","format-standard","has-post-thumbnail","hentry","category-alagoas"],"jetpack_featured_media_url":"https:\/\/www.oparanews.com.br\/wp-content\/uploads\/2022\/03\/mascara_rio.jpg","jetpack_sharing_enabled":true,"_links":{"self":[{"href":"https:\/\/www.oparanews.com.br\/index.php\/wp-json\/wp\/v2\/posts\/22237","targetHints":{"allow":["GET"]}}],"collection":[{"href":"https:\/\/www.oparanews.com.br\/index.php\/wp-json\/wp\/v2\/posts"}],"about":[{"href":"https:\/\/www.oparanews.com.br\/index.php\/wp-json\/wp\/v2\/types\/post"}],"author":[{"embeddable":true,"href":"https:\/\/www.oparanews.com.br\/index.php\/wp-json\/wp\/v2\/users\/2"}],"replies":[{"embeddable":true,"href":"https:\/\/www.oparanews.com.br\/index.php\/wp-json\/wp\/v2\/comments?post=22237"}],"version-history":[{"count":1,"href":"https:\/\/www.oparanews.com.br\/index.php\/wp-json\/wp\/v2\/posts\/22237\/revisions"}],"predecessor-version":[{"id":22239,"href":"https:\/\/www.oparanews.com.br\/index.php\/wp-json\/wp\/v2\/posts\/22237\/revisions\/22239"}],"wp:featuredmedia":[{"embeddable":true,"href":"https:\/\/www.oparanews.com.br\/index.php\/wp-json\/wp\/v2\/media\/22238"}],"wp:attachment":[{"href":"https:\/\/www.oparanews.com.br\/index.php\/wp-json\/wp\/v2\/media?parent=22237"}],"wp:term":[{"taxonomy":"category","embeddable":true,"href":"https:\/\/www.oparanews.com.br\/index.php\/wp-json\/wp\/v2\/categories?post=22237"},{"taxonomy":"post_tag","embeddable":true,"href":"https:\/\/www.oparanews.com.br\/index.php\/wp-json\/wp\/v2\/tags?post=22237"}],"curies":[{"name":"wp","href":"https:\/\/api.w.org\/{rel}","templated":true}]}}