{"id":22311,"date":"2022-03-17T07:42:54","date_gmt":"2022-03-17T10:42:54","guid":{"rendered":"https:\/\/oparanews.com.br\/?p=22311"},"modified":"2022-03-17T07:42:54","modified_gmt":"2022-03-17T10:42:54","slug":"estado-registra-mais-549-casos-de-covid-em-24-horas","status":"publish","type":"post","link":"https:\/\/www.oparanews.com.br\/index.php\/2022\/03\/17\/estado-registra-mais-549-casos-de-covid-em-24-horas\/","title":{"rendered":"Estado registra mais 549 casos de Covid em 24 horas"},"content":{"rendered":"<p>Alagoas registrou 549 novos casos de Covid segundo o boletim epidemiol\u00f3gico da Secretaria de Estado da Sa\u00fade (Sesau), desta quarta-feira (16). Um aumento expressivo, levando-se em considera\u00e7\u00e3o os \u00faltimos cinco dias, quando o total de casos no estado n\u00e3o passou de 100 por dia:<\/p>\n<p>s\u00e1bado (12) &#8211; 72 casos<br \/>\ndomingo (13) &#8211; 68 casos<br \/>\nsegunda (14) &#8211; 11 casos<br \/>\nter\u00e7a (15) &#8211; 69 casos<br \/>\nCom os \u00faltimos registros, o estado tem 294.878 casos desde o in\u00edcio da pandemia. Desse total, 498 pessoas est\u00e3o em isolamento domiciliar. Outras 287.330 n\u00e3o apresentam mais sintomas e est\u00e3o recuperados da doen\u00e7a.<\/p>\n<p>Na fila de espera pelo resultado de exames est\u00e3o 1.713 pacientes.<\/p>\n<p>oram confirmadas mais seis mortes e o total subiu para 6.823 \u00f3bitos. Uma v\u00edtima era de Macei\u00f3 e as outras cinco do interior do estado.<\/p>\n<p><strong>Mais seis mortes por Covid em Alagoas<\/strong><\/p>\n<p>Macei\u00f3 : mulher, 60 anos -tinha hipertens\u00e3o, obesidade m\u00f3rbida<br \/>\nSantana do Ipanema: homem, 52 anos &#8211; tinha transtorno psiqui\u00e1trico<br \/>\nS\u00e3o Miguel dos Campos: homem, 68 anos &#8211; tinha diabetes, hipertens\u00e3o arterial, era ex-tabagista<br \/>\nCajueiro: homem, 73 anos &#8211; , tinha diabetes, era ex-etilista, tabagista, tinha hipertens\u00e3o arterial<br \/>\nIgaci: mulher, 61 anos &#8211; era diab\u00e9tica<br \/>\nPalmeira dos \u00cdndios: mulher, 82 anos &#8211; tinha doen\u00e7a respirat\u00f3ria cr\u00f4nica, era etilista<\/p>\n<p><strong>Ocupa\u00e7\u00e3o de leitos exclusivos para Covid e Influenza<\/strong><\/p>\n<p>Alagoas tem uma taxa de 13% de ocupa\u00e7\u00e3o dos leitos exclusivos para pacientes com suspeita ou confirma\u00e7\u00e3o de Covid ou Influenza. Dos 377 leitos, 50 est\u00e3o ocupados nesta quarta.<\/p>\n<p>Considerando apenas os leitos de UTI, a ocupa\u00e7\u00e3o do estado \u00e9 de 19%.<\/p>\n<p>&nbsp;<\/p>\n<p><strong>Fonte: G1\/AL<\/strong><\/p>\n","protected":false},"excerpt":{"rendered":"<p>Alagoas registrou 549 novos casos de Covid segundo o boletim epidemiol\u00f3gico da Secretaria de Estado da Sa\u00fade (Sesau), desta quarta-feira (16). Um aumento expressivo, levando-se em considera\u00e7\u00e3o os \u00faltimos cinco dias, quando o total de casos no estado n\u00e3o passou de 100 por dia: s\u00e1bado (12) &#8211; 72 casos domingo (13) &#8211; 68 casos segunda &hellip;<\/p>\n","protected":false},"author":2,"featured_media":22312,"comment_status":"open","ping_status":"open","sticky":false,"template":"","format":"standard","meta":{"_jetpack_memberships_contains_paid_content":false,"footnotes":""},"categories":[4],"tags":[],"class_list":["post-22311","post","type-post","status-publish","format-standard","has-post-thumbnail","hentry","category-alagoas"],"jetpack_featured_media_url":"https:\/\/www.oparanews.com.br\/wp-content\/uploads\/2022\/03\/Sem-titulo-10.jpg","jetpack_sharing_enabled":true,"_links":{"self":[{"href":"https:\/\/www.oparanews.com.br\/index.php\/wp-json\/wp\/v2\/posts\/22311","targetHints":{"allow":["GET"]}}],"collection":[{"href":"https:\/\/www.oparanews.com.br\/index.php\/wp-json\/wp\/v2\/posts"}],"about":[{"href":"https:\/\/www.oparanews.com.br\/index.php\/wp-json\/wp\/v2\/types\/post"}],"author":[{"embeddable":true,"href":"https:\/\/www.oparanews.com.br\/index.php\/wp-json\/wp\/v2\/users\/2"}],"replies":[{"embeddable":true,"href":"https:\/\/www.oparanews.com.br\/index.php\/wp-json\/wp\/v2\/comments?post=22311"}],"version-history":[{"count":1,"href":"https:\/\/www.oparanews.com.br\/index.php\/wp-json\/wp\/v2\/posts\/22311\/revisions"}],"predecessor-version":[{"id":22313,"href":"https:\/\/www.oparanews.com.br\/index.php\/wp-json\/wp\/v2\/posts\/22311\/revisions\/22313"}],"wp:featuredmedia":[{"embeddable":true,"href":"https:\/\/www.oparanews.com.br\/index.php\/wp-json\/wp\/v2\/media\/22312"}],"wp:attachment":[{"href":"https:\/\/www.oparanews.com.br\/index.php\/wp-json\/wp\/v2\/media?parent=22311"}],"wp:term":[{"taxonomy":"category","embeddable":true,"href":"https:\/\/www.oparanews.com.br\/index.php\/wp-json\/wp\/v2\/categories?post=22311"},{"taxonomy":"post_tag","embeddable":true,"href":"https:\/\/www.oparanews.com.br\/index.php\/wp-json\/wp\/v2\/tags?post=22311"}],"curies":[{"name":"wp","href":"https:\/\/api.w.org\/{rel}","templated":true}]}}