{"id":22364,"date":"2022-03-18T21:33:15","date_gmt":"2022-03-19T00:33:15","guid":{"rendered":"https:\/\/oparanews.com.br\/?p=22364"},"modified":"2022-03-18T21:35:47","modified_gmt":"2022-03-19T00:35:47","slug":"veja-os-requerimentos-apresentados-pelos-vereadores-bili-marques-dr-epson-e-rodrigo-regueira","status":"publish","type":"post","link":"https:\/\/www.oparanews.com.br\/index.php\/2022\/03\/18\/veja-os-requerimentos-apresentados-pelos-vereadores-bili-marques-dr-epson-e-rodrigo-regueira\/","title":{"rendered":"Veja os requerimentos apresentados pelos vereadores: Bili Marques, Dr. Epson e Rodrigo Regueira"},"content":{"rendered":"<p>Nesta quinta-feira, 17, foi realizada mais uma sess\u00e3o ordin\u00e1ria na C\u00e2mara Municipal de Penedo.<\/p>\n<p>Dentre os vereadores que apresentaram requerimentos na Casa Legislativa Municipal, nosso portal de not\u00edcias, OparaNews, destaca tr\u00eas edis: Bili Marques, Dr. Epson e Rodrigo Regueira.<\/p>\n<p><strong>Vereador Bili Marques informa d\u00edvidas da Prefeitura de Penedo quitadas por Ronaldo Lopes<\/strong><\/p>\n<p>A gest\u00e3o do Prefeito Ronaldo Lopes quitou d\u00edvidas que o munic\u00edpio tinha com a empresa Equatorial Energia, Penedo Previd\u00eancia, INSS, FGTS e PASEP, conforme informou o Vereador Bili Marques (Josu\u00e9 Marques da Silva) na C\u00e2mara Municipal de Penedo.<\/p>\n<figure id=\"attachment_22366\" aria-describedby=\"caption-attachment-22366\" style=\"width: 300px\" class=\"wp-caption alignleft\"><a href=\"http:\/\/oparanews.com.br\/wp-content\/uploads\/2022\/03\/sessao_2021_-103-scaled-1.jpg\"><img loading=\"lazy\" decoding=\"async\" class=\"wp-image-22366 size-medium\" src=\"http:\/\/oparanews.com.br\/wp-content\/uploads\/2022\/03\/sessao_2021_-103-scaled-1-300x200.jpg\" alt=\"\" width=\"300\" height=\"200\" srcset=\"https:\/\/www.oparanews.com.br\/wp-content\/uploads\/2022\/03\/sessao_2021_-103-scaled-1-300x200.jpg 300w, https:\/\/www.oparanews.com.br\/wp-content\/uploads\/2022\/03\/sessao_2021_-103-scaled-1-1024x683.jpg 1024w, https:\/\/www.oparanews.com.br\/wp-content\/uploads\/2022\/03\/sessao_2021_-103-scaled-1-768x512.jpg 768w, https:\/\/www.oparanews.com.br\/wp-content\/uploads\/2022\/03\/sessao_2021_-103-scaled-1-1536x1024.jpg 1536w, https:\/\/www.oparanews.com.br\/wp-content\/uploads\/2022\/03\/sessao_2021_-103-scaled-1-2048x1366.jpg 2048w\" sizes=\"auto, (max-width: 300px) 100vw, 300px\" \/><\/a><figcaption id=\"caption-attachment-22366\" class=\"wp-caption-text\">Ascom CMP<\/figcaption><\/figure>\n<p>Somente com a distribuidora de energia el\u00e9trica, o gestor que tem compromisso com a popula\u00e7\u00e3o quitou a soma de R$ 881.262,86. Para a previd\u00eancia municipal, a gest\u00e3o atual repassou, al\u00e9m das cotas mensais que cumpre regularmente, mais R$ 140.671,59.<\/p>\n<p>Ainda de cobran\u00e7as que implicam na aposentadoria dos servidores municipais, Ronaldo Lopes quitou o d\u00e9bito de R$ 346.359,61 com o INSS, mais R$ 43.194,42 referente ao FGTS e ainda R$ 39.619.47 do PASEP.<\/p>\n<p>Ap\u00f3s expor os dados em seu discurso na sess\u00e3o de quinta-feira, 17, o l\u00edder do governo na casa legislativa frisou que as parcerias entre o munic\u00edpios e os governos estadual e federal promovem o desenvolvimento e s\u00e3o imprescind\u00edveis.<\/p>\n<p>Bili Marques elencou uma s\u00e9rie de avan\u00e7os em todas as \u00e1reas de responsabilidade da administra\u00e7\u00e3o estadual, lembrando que ainda h\u00e1 muito por fazer e tem certeza que ser\u00e1 bem feito devido a compet\u00eancia do Prefeito Ronaldo Lopes e sua equipe.<\/p>\n<p><strong>Vereador Dr. Epson pede aten\u00e7\u00e3o do poder p\u00fablico em rela\u00e7\u00e3o aos dependentes qu\u00edmicos no centro da cidade<\/strong><\/p>\n<p>O Vereador Dr. Epson (Epson Valente Costa) foi procurado por moradores de Penedo que falaram do receio em rela\u00e7\u00e3o \u00e0 presen\u00e7a de dependentes qu\u00edmicos nas imedia\u00e7\u00f5es da ag\u00eancia da Caixa, durante o per\u00edodo noturno.<\/p>\n<figure id=\"attachment_22367\" aria-describedby=\"caption-attachment-22367\" style=\"width: 300px\" class=\"wp-caption alignleft\"><a href=\"http:\/\/oparanews.com.br\/wp-content\/uploads\/2022\/03\/vereador-dr-epson-camara-municipal-penedo.jpg\"><img loading=\"lazy\" decoding=\"async\" class=\"wp-image-22367 size-medium\" src=\"http:\/\/oparanews.com.br\/wp-content\/uploads\/2022\/03\/vereador-dr-epson-camara-municipal-penedo-300x200.jpg\" alt=\"\" width=\"300\" height=\"200\" srcset=\"https:\/\/www.oparanews.com.br\/wp-content\/uploads\/2022\/03\/vereador-dr-epson-camara-municipal-penedo-300x200.jpg 300w, https:\/\/www.oparanews.com.br\/wp-content\/uploads\/2022\/03\/vereador-dr-epson-camara-municipal-penedo-1024x683.jpg 1024w, https:\/\/www.oparanews.com.br\/wp-content\/uploads\/2022\/03\/vereador-dr-epson-camara-municipal-penedo-768x512.jpg 768w, https:\/\/www.oparanews.com.br\/wp-content\/uploads\/2022\/03\/vereador-dr-epson-camara-municipal-penedo.jpg 1200w\" sizes=\"auto, (max-width: 300px) 100vw, 300px\" \/><\/a><figcaption id=\"caption-attachment-22367\" class=\"wp-caption-text\">Ascom CMP<\/figcaption><\/figure>\n<p>A situa\u00e7\u00e3o que est\u00e1 ocorrendo no centro da cidade merece aten\u00e7\u00e3o e tomada de provid\u00eancias por parte do poder p\u00fablico municipal, por meio da Secretaria de Assist\u00eancia Social, conforme alertou o parlamentar ao justificar o requerimento que fez durante a sess\u00e3o de quinta-feira, 18.<\/p>\n<p>&nbsp;<\/p>\n<p>Tamb\u00e9m na forma de requerimento, Dr. Epson cobra melhorias na ilumina\u00e7\u00e3o p\u00fablica, limpeza e capina\u00e7\u00e3o dos conjuntos Mata Atl\u00e2ntica 1 e 2, Marisa Let\u00edcia e Vale do S\u00e3o Francisco.<\/p>\n<p><strong>Vereador Rodrigo Regueira requer creche na zona rural de Penedo<\/strong><\/p>\n<p>M\u00e3es de fam\u00edlia que residem na zona rural t\u00eam a mesma necessidade das mulheres que moram na cidade e cumprem jornada de trabalho fora de casa, o que gera a necessidade de local e pessoas respons\u00e1veis para cuidar das crian\u00e7as.<\/p>\n<figure id=\"attachment_22365\" aria-describedby=\"caption-attachment-22365\" style=\"width: 300px\" class=\"wp-caption alignleft\"><a href=\"http:\/\/oparanews.com.br\/wp-content\/uploads\/2022\/03\/Sem-titulo-1.png\"><img loading=\"lazy\" decoding=\"async\" class=\"wp-image-22365 size-medium\" src=\"http:\/\/oparanews.com.br\/wp-content\/uploads\/2022\/03\/Sem-titulo-1-300x200.png\" alt=\"\" width=\"300\" height=\"200\" srcset=\"https:\/\/www.oparanews.com.br\/wp-content\/uploads\/2022\/03\/Sem-titulo-1-300x200.png 300w, https:\/\/www.oparanews.com.br\/wp-content\/uploads\/2022\/03\/Sem-titulo-1-1024x683.png 1024w, https:\/\/www.oparanews.com.br\/wp-content\/uploads\/2022\/03\/Sem-titulo-1-768x512.png 768w, https:\/\/www.oparanews.com.br\/wp-content\/uploads\/2022\/03\/Sem-titulo-1-1536x1024.png 1536w, https:\/\/www.oparanews.com.br\/wp-content\/uploads\/2022\/03\/Sem-titulo-1-2048x1366.png 2048w\" sizes=\"auto, (max-width: 300px) 100vw, 300px\" \/><\/a><figcaption id=\"caption-attachment-22365\" class=\"wp-caption-text\">Ascom CMP<\/figcaption><\/figure>\n<p>Por isso, o Vereador Rodrigo Regueira requer da Prefeitura de Penedo a constru\u00e7\u00e3o de uma creche no povoado Santa Margarida, comunidade polo para a regi\u00e3o da zona rural onde as m\u00e3es das localidades pr\u00f3ximas tamb\u00e9m poderiam utilizar.<\/p>\n<p>Ao justificar o pleito apresentado na sess\u00e3o desta quinta-feira, 17, o parlamentar falou sobre a constru\u00e7\u00e3o de creches na \u00e1rea urbana, destacando a necessidade do mesmo investimento no campo, com inclus\u00e3o de transporte para as m\u00e3es da \u00e1rea atendida terem acesso ao servi\u00e7o.<\/p>\n<p>Rodrigo Regueira tamb\u00e9m parabenizou os moradores do povoado Imbira 2 pela realiza\u00e7\u00e3o das festividades de S\u00e3o Jos\u00e9, padroeiro da comunidade rural, e a Secretaria Municipal de Desenvolvimento Social e Habita\u00e7\u00e3o pelo resgate do Projeto T\u00e9cnico Social que atende moradores do Vale do S\u00e3o Francisco.<\/p>\n<p>&nbsp;<\/p>\n<p><strong>Fonte: Ascom CMP<\/strong><\/p>\n","protected":false},"excerpt":{"rendered":"<p>Nesta quinta-feira, 17, foi realizada mais uma sess\u00e3o ordin\u00e1ria na C\u00e2mara Municipal de Penedo. Dentre os vereadores que apresentaram requerimentos na Casa Legislativa Municipal, nosso portal de not\u00edcias, OparaNews, destaca tr\u00eas edis: Bili Marques, Dr. Epson e Rodrigo Regueira. Vereador Bili Marques informa d\u00edvidas da Prefeitura de Penedo quitadas por Ronaldo Lopes A gest\u00e3o do &hellip;<\/p>\n","protected":false},"author":2,"featured_media":22374,"comment_status":"open","ping_status":"open","sticky":false,"template":"","format":"standard","meta":{"_jetpack_memberships_contains_paid_content":false,"footnotes":""},"categories":[1,3],"tags":[],"class_list":["post-22364","post","type-post","status-publish","format-standard","has-post-thumbnail","hentry","category-destaque","category-penedo"],"jetpack_featured_media_url":"https:\/\/www.oparanews.com.br\/wp-content\/uploads\/2022\/03\/Sem-titulo-14.jpg","jetpack_sharing_enabled":true,"_links":{"self":[{"href":"https:\/\/www.oparanews.com.br\/index.php\/wp-json\/wp\/v2\/posts\/22364","targetHints":{"allow":["GET"]}}],"collection":[{"href":"https:\/\/www.oparanews.com.br\/index.php\/wp-json\/wp\/v2\/posts"}],"about":[{"href":"https:\/\/www.oparanews.com.br\/index.php\/wp-json\/wp\/v2\/types\/post"}],"author":[{"embeddable":true,"href":"https:\/\/www.oparanews.com.br\/index.php\/wp-json\/wp\/v2\/users\/2"}],"replies":[{"embeddable":true,"href":"https:\/\/www.oparanews.com.br\/index.php\/wp-json\/wp\/v2\/comments?post=22364"}],"version-history":[{"count":5,"href":"https:\/\/www.oparanews.com.br\/index.php\/wp-json\/wp\/v2\/posts\/22364\/revisions"}],"predecessor-version":[{"id":22373,"href":"https:\/\/www.oparanews.com.br\/index.php\/wp-json\/wp\/v2\/posts\/22364\/revisions\/22373"}],"wp:featuredmedia":[{"embeddable":true,"href":"https:\/\/www.oparanews.com.br\/index.php\/wp-json\/wp\/v2\/media\/22374"}],"wp:attachment":[{"href":"https:\/\/www.oparanews.com.br\/index.php\/wp-json\/wp\/v2\/media?parent=22364"}],"wp:term":[{"taxonomy":"category","embeddable":true,"href":"https:\/\/www.oparanews.com.br\/index.php\/wp-json\/wp\/v2\/categories?post=22364"},{"taxonomy":"post_tag","embeddable":true,"href":"https:\/\/www.oparanews.com.br\/index.php\/wp-json\/wp\/v2\/tags?post=22364"}],"curies":[{"name":"wp","href":"https:\/\/api.w.org\/{rel}","templated":true}]}}