{"id":22394,"date":"2022-03-19T21:36:09","date_gmt":"2022-03-20T00:36:09","guid":{"rendered":"https:\/\/oparanews.com.br\/?p=22394"},"modified":"2022-03-19T21:36:09","modified_gmt":"2022-03-20T00:36:09","slug":"agora-e-oficial-renan-filho-declara-apoio-a-paulo-dantas-para-o-governo","status":"publish","type":"post","link":"https:\/\/www.oparanews.com.br\/index.php\/2022\/03\/19\/agora-e-oficial-renan-filho-declara-apoio-a-paulo-dantas-para-o-governo\/","title":{"rendered":"Agora \u00e9 oficial: Renan Filho declara apoio a Paulo Dantas para o governo"},"content":{"rendered":"<p>Agora \u00e9 oficial. E, mais do que isso, a sinaliza\u00e7\u00e3o de que o \u201cjogo\u201d pol\u00edtico eleitoral come\u00e7ou, com seus principais personagens j\u00e1 escalados para a disputa.<\/p>\n<p>O atual governador Renan Filho assumiu publicamente o que j\u00e1 havia antecipado, repetidas vezes, nos bastidores. O deputado estadual Paulo Dantas tem seu apoio como pr\u00e9-candidato ao governo.<\/p>\n<p>Paulo, apontado como prov\u00e1vel governador tamp\u00e3o, em eventual afastamento de Renan Filho, decidiu que ser\u00e1 candidato em qualquer situa\u00e7\u00e3o \u2013 ainda que o governador n\u00e3o deixasse o cargo.<\/p>\n<p>Em evento, nessa sexta-feira (18\/03) em Vi\u00e7osa, o governador verbalizou durante discurso o apoio a Paulo Dantas.<\/p>\n<p>\u201cEu daqui garanto para o povo de Vi\u00e7osa e do Vale do Para\u00edba, em Alagoas, com Renan Filho e com Paulo Dantas, com Paulo Dantas e com Renan Filho, nada vai parar. Tudo vai seguir adiante\u201d, afirmou Renan Filho.<\/p>\n<p>Neste s\u00e1bado, anivers\u00e1rio do deputado e pr\u00e9-candidato ao governo, Renan Filho foi al\u00e9m e deixou claro que deve deixar o governo (decis\u00e3o que anunciar\u00e1 formalmente at\u00e9 o come\u00e7o da pr\u00f3xima semana).<\/p>\n<p>Durante a entrega de um trecho em asfalto na comunidade Serra dos Mam\u00f5es, em Cajueiro, como antecipou o jornalista Wadson R\u00e9gis (informa\u00e7\u00e3o mais uma vez conferida e confirmada), Renan Filho disse que, em poucos dias, \u201ccom o apoio do Parlamento Estadual, Paulo Dantas deve ser eleito governador\u201d e que ser\u00e1 com seu apoio que \u201co novo governo dar\u00e1 continuidade aos avan\u00e7os que est\u00e3o transformando Alagoas\u201d.<\/p>\n<p><strong>Novo cen\u00e1rio<\/strong><\/p>\n<p>Rodrigo Cunha, Rui Palmeira e Paulo Dantas j\u00e1 est\u00e3o em pr\u00e9-campanha para o governo de Alagoas \u2013 nas articula\u00e7\u00f5es pol\u00edticas e no \u201ccorpo a corpo\u201d com eleitores.<\/p>\n<p>Outros poss\u00edveis candidatos devem confirmar nos pr\u00f3ximos dias se entram ou n\u00e3o na disputa. A maior d\u00favida segue em torno do posicionamento de JHC. Fica ou sai da prefeitura de Macei\u00f3?<\/p>\n<p>A decis\u00e3o de Renan Filho, de formalizar o apoio a Paulo Dantas, ter\u00e1 desdobramentos na movimenta\u00e7\u00e3o de outros pr\u00e9-candidatos. Rui deve se consolidar como terceira via, enquanto Renato Filho pode rever seu projeto e continuar como prefeito de Pilar ou migrar para outro partido (atualmente est\u00e1 no MDB), para esperar definir seu papel nas elei\u00e7\u00f5es deste ano.<\/p>\n<p>E mais: a decis\u00e3o do governador ter\u00e1, nos pr\u00f3ximos dias, uma rea\u00e7\u00e3o do presidente da C\u00e2mara dos Deputados. Os dois aumentaram o tom das cr\u00edticas m\u00fatuas, o que pode acelerar a escolha de Arthur Lira de um nome para ser o candidato de \u201coposi\u00e7\u00e3o\u201d ao governo. E n\u00e3o faltam op\u00e7\u00f5es. Al\u00e9m de JHC, Arthur Lira j\u00e1 conversou com Rodrigo e com Rui.<\/p>\n<p>O que ele quer \u00e9 um nome que ajude a derrotar n\u00e3o s\u00f3 candidato ao governo, mas tamb\u00e9m o candidato a senador do grupo, que deve ser Renan Filho. Mas essa \u00e9 outra hist\u00f3ria.<\/p>\n<p>&nbsp;<\/p>\n<p><strong>por Edivaldo J\u00fanior &#8211; Gazetaweb<\/strong><\/p>\n","protected":false},"excerpt":{"rendered":"<p>Agora \u00e9 oficial. E, mais do que isso, a sinaliza\u00e7\u00e3o de que o \u201cjogo\u201d pol\u00edtico eleitoral come\u00e7ou, com seus principais personagens j\u00e1 escalados para a disputa. O atual governador Renan Filho assumiu publicamente o que j\u00e1 havia antecipado, repetidas vezes, nos bastidores. O deputado estadual Paulo Dantas tem seu apoio como pr\u00e9-candidato ao governo. Paulo, &hellip;<\/p>\n","protected":false},"author":2,"featured_media":22395,"comment_status":"open","ping_status":"open","sticky":false,"template":"","format":"standard","meta":{"_jetpack_memberships_contains_paid_content":false,"footnotes":""},"categories":[4],"tags":[],"class_list":["post-22394","post","type-post","status-publish","format-standard","has-post-thumbnail","hentry","category-alagoas"],"jetpack_featured_media_url":"https:\/\/www.oparanews.com.br\/wp-content\/uploads\/2022\/03\/WhatsAppImage20220207at13.02.04.jpeg","jetpack_sharing_enabled":true,"_links":{"self":[{"href":"https:\/\/www.oparanews.com.br\/index.php\/wp-json\/wp\/v2\/posts\/22394","targetHints":{"allow":["GET"]}}],"collection":[{"href":"https:\/\/www.oparanews.com.br\/index.php\/wp-json\/wp\/v2\/posts"}],"about":[{"href":"https:\/\/www.oparanews.com.br\/index.php\/wp-json\/wp\/v2\/types\/post"}],"author":[{"embeddable":true,"href":"https:\/\/www.oparanews.com.br\/index.php\/wp-json\/wp\/v2\/users\/2"}],"replies":[{"embeddable":true,"href":"https:\/\/www.oparanews.com.br\/index.php\/wp-json\/wp\/v2\/comments?post=22394"}],"version-history":[{"count":1,"href":"https:\/\/www.oparanews.com.br\/index.php\/wp-json\/wp\/v2\/posts\/22394\/revisions"}],"predecessor-version":[{"id":22396,"href":"https:\/\/www.oparanews.com.br\/index.php\/wp-json\/wp\/v2\/posts\/22394\/revisions\/22396"}],"wp:featuredmedia":[{"embeddable":true,"href":"https:\/\/www.oparanews.com.br\/index.php\/wp-json\/wp\/v2\/media\/22395"}],"wp:attachment":[{"href":"https:\/\/www.oparanews.com.br\/index.php\/wp-json\/wp\/v2\/media?parent=22394"}],"wp:term":[{"taxonomy":"category","embeddable":true,"href":"https:\/\/www.oparanews.com.br\/index.php\/wp-json\/wp\/v2\/categories?post=22394"},{"taxonomy":"post_tag","embeddable":true,"href":"https:\/\/www.oparanews.com.br\/index.php\/wp-json\/wp\/v2\/tags?post=22394"}],"curies":[{"name":"wp","href":"https:\/\/api.w.org\/{rel}","templated":true}]}}