{"id":22409,"date":"2022-03-20T21:08:35","date_gmt":"2022-03-21T00:08:35","guid":{"rendered":"https:\/\/oparanews.com.br\/?p=22409"},"modified":"2022-03-20T21:08:35","modified_gmt":"2022-03-21T00:08:35","slug":"apos-cobranca-por-rendimento-escolar-adolescente-atira-no-pai-pm-e-mata-a-mae-e-o-irmao","status":"publish","type":"post","link":"https:\/\/www.oparanews.com.br\/index.php\/2022\/03\/20\/apos-cobranca-por-rendimento-escolar-adolescente-atira-no-pai-pm-e-mata-a-mae-e-o-irmao\/","title":{"rendered":"Ap\u00f3s cobran\u00e7a por rendimento escolar, adolescente atira no pai PM e mata a m\u00e3e e o irm\u00e3o"},"content":{"rendered":"<p>Em Patos, no sert\u00e3o da Para\u00edba, um adolescente de 13 anos atirou contra a fam\u00edlia e matou a m\u00e3e e o irm\u00e3o de 7 anos. O crime aconteceu na tarde de ontem, na casa da fam\u00edlia, quando o menor pegou a arma de fogo do pr\u00f3prio pai, um policial militar reformado, 56, que tamb\u00e9m foi atingido e sobreviveu, mas segundo o delegado do caso Renato Leite, est\u00e1 em estado grave.<\/p>\n<p>Em entrevista \u00e0 \u201cTV Sol\u201d, o delegado contou que a a\u00e7\u00e3o foi motivada por uma discuss\u00e3o sobre o rendimento escolar e cobran\u00e7a para colaborar com as tarefas dom\u00e9sticas.<\/p>\n<p>\u201cEstava tirando notas baixas porque em casa s\u00f3 queria saber de estar jogando esse jogo [online]. O menino, quando era cobrado pra arrumar uma cama ou ent\u00e3o enxugar uma lou\u00e7a, disse ele que se sentia pressionado. E por esse motivo hoje foi a gota d\u2019\u00e1gua. E ele se armou com a arma do pai e fez o que fez, infelizmente\u201d, declarou Leite.<\/p>\n<p>Ao O Globo, de onde s\u00e3o as informa\u00e7\u00f5es, o delegado disse que o jovem est\u00e1 sozinho numa sala reservada para menores de idade na carceragem da Pol\u00edcia Civil da Para\u00edba. \u201cA gente representou pela interna\u00e7\u00e3o provis\u00f3ria do menor e, provavelmente, deve ser isso que vai acontecer. Ap\u00f3s a audi\u00eancia judicial, ele deve ser encaminhado ao Centro de Interna\u00e7\u00e3o de Adolescentes aqui da Para\u00edba, que fica no munic\u00edpio de Sousa, no sert\u00e3o.\u201d<\/p>\n<p>A investiga\u00e7\u00e3o foi conclu\u00edda e o caso deve ser finalizado ap\u00f3s anexos de alguns laudos periciais.<\/p>\n<p>&nbsp;<\/p>\n<p><strong>Fonte: Isto\u00e9<\/strong><\/p>\n","protected":false},"excerpt":{"rendered":"<p>Em Patos, no sert\u00e3o da Para\u00edba, um adolescente de 13 anos atirou contra a fam\u00edlia e matou a m\u00e3e e o irm\u00e3o de 7 anos. O crime aconteceu na tarde de ontem, na casa da fam\u00edlia, quando o menor pegou a arma de fogo do pr\u00f3prio pai, um policial militar reformado, 56, que tamb\u00e9m foi &hellip;<\/p>\n","protected":false},"author":2,"featured_media":22410,"comment_status":"open","ping_status":"open","sticky":false,"template":"","format":"standard","meta":{"_jetpack_memberships_contains_paid_content":false,"footnotes":""},"categories":[5],"tags":[],"class_list":["post-22409","post","type-post","status-publish","format-standard","has-post-thumbnail","hentry","category-brasil-mundo"],"jetpack_featured_media_url":"https:\/\/www.oparanews.com.br\/wp-content\/uploads\/2022\/03\/csm_Adolescente_morte_PB_-foto_Reproducao_512b520a00.jpeg","jetpack_sharing_enabled":true,"_links":{"self":[{"href":"https:\/\/www.oparanews.com.br\/index.php\/wp-json\/wp\/v2\/posts\/22409","targetHints":{"allow":["GET"]}}],"collection":[{"href":"https:\/\/www.oparanews.com.br\/index.php\/wp-json\/wp\/v2\/posts"}],"about":[{"href":"https:\/\/www.oparanews.com.br\/index.php\/wp-json\/wp\/v2\/types\/post"}],"author":[{"embeddable":true,"href":"https:\/\/www.oparanews.com.br\/index.php\/wp-json\/wp\/v2\/users\/2"}],"replies":[{"embeddable":true,"href":"https:\/\/www.oparanews.com.br\/index.php\/wp-json\/wp\/v2\/comments?post=22409"}],"version-history":[{"count":1,"href":"https:\/\/www.oparanews.com.br\/index.php\/wp-json\/wp\/v2\/posts\/22409\/revisions"}],"predecessor-version":[{"id":22411,"href":"https:\/\/www.oparanews.com.br\/index.php\/wp-json\/wp\/v2\/posts\/22409\/revisions\/22411"}],"wp:featuredmedia":[{"embeddable":true,"href":"https:\/\/www.oparanews.com.br\/index.php\/wp-json\/wp\/v2\/media\/22410"}],"wp:attachment":[{"href":"https:\/\/www.oparanews.com.br\/index.php\/wp-json\/wp\/v2\/media?parent=22409"}],"wp:term":[{"taxonomy":"category","embeddable":true,"href":"https:\/\/www.oparanews.com.br\/index.php\/wp-json\/wp\/v2\/categories?post=22409"},{"taxonomy":"post_tag","embeddable":true,"href":"https:\/\/www.oparanews.com.br\/index.php\/wp-json\/wp\/v2\/tags?post=22409"}],"curies":[{"name":"wp","href":"https:\/\/api.w.org\/{rel}","templated":true}]}}