{"id":22469,"date":"2022-03-22T22:05:11","date_gmt":"2022-03-23T01:05:11","guid":{"rendered":"https:\/\/oparanews.com.br\/?p=22469"},"modified":"2022-03-22T22:30:59","modified_gmt":"2022-03-23T01:30:59","slug":"renan-filho-e-o-melhor-governador-da-historia-de-alagoas-afirma-ronaldo-lopes","status":"publish","type":"post","link":"https:\/\/www.oparanews.com.br\/index.php\/2022\/03\/22\/renan-filho-e-o-melhor-governador-da-historia-de-alagoas-afirma-ronaldo-lopes\/","title":{"rendered":"Renan Filho \u00e9 o melhor governador da hist\u00f3ria de Alagoas, afirma Ronaldo Lopes"},"content":{"rendered":"<p>O governador Renan Filho entregou novos investimentos ao povo da regi\u00e3o do Baixo S\u00e3o Francisco nesta ter\u00e7a-feira, 22, durante encontro realizado em Penedo que reuniu autoridades e a popula\u00e7\u00e3o local com representantes dos munic\u00edpios de Pia\u00e7abu\u00e7u, Igreja Nova e Porto Real do Col\u00e9gio.<\/p>\n<p>&nbsp;<\/p>\n<p>O melhor governador da hist\u00f3ria de Alagoas \u2013 palavras do Prefeito Ronaldo Lopes \u2013 entregou ve\u00edculos (caminh\u00e3o compactador de lixo e carro-pipa), inaugurou a rodovia Penedo-Pindorama (AL 105), inaugurou a sede pr\u00f3pria das delegacias municipal e regional da Pol\u00edcia Civil (CISP tipo 2) e assinou a ordem de servi\u00e7o para asfaltar 16 km de ruas localizadas no centro e em mais seis bairros de Penedo (Dom Constantino, Raimundo Marinho, Santa Luzia, Senhor do Bonfim, Santo Ant\u00f4nio e Santa Isabel).<\/p>\n<p>&nbsp;<\/p>\n<p>Al\u00e9m dessas melhorias, Renan Filho viabilizou a constru\u00e7\u00e3o de uma Unidade B\u00e1sica de Sa\u00fade em Igreja Nova, a ser constru\u00edda no povoado Concei\u00e7\u00e3o; destinou recursos para a compra de equipamentos de som e de ilumina\u00e7\u00e3o para o Centro de Conven\u00e7\u00f5es de Penedo; e oficializou mais uma obra estruturante para a regi\u00e3o ribeirinha, a pavimenta\u00e7\u00e3o da Rodovia AL 230, chamada de Caminhos do Imperador.<\/p>\n<p>&nbsp;<\/p>\n<p>A nova estrada liga Penedo a Porto Real do Col\u00e9gio, beneficiando a comunidade remanescente quilombola Tabuleiro dos Negros que ter\u00e1 o acesso asfaltado a partir da AL 100, rota principal entre o Litoral Sul e o Agreste cuja recupera\u00e7\u00e3o de Igreja Nova a S\u00e3o Sebasti\u00e3o est\u00e1 em andamento para sua conclus\u00e3o.<\/p>\n<p>&nbsp;<\/p>\n<p>\u201cNingu\u00e9m tem d\u00favida que o seu governo \u00e9 o melhor da hist\u00f3ria de Alagoas\u201d, afirmou Ronaldo Lopes, dirigindo-se a Renan Filho, gestor que recuperou e melhorou a rede p\u00fablica de ensino, reduziu a criminalidade em Alagoas, dotou o estado da melhor malha vi\u00e1ria do Brasil, construiu hospitais, ampliou a assist\u00eancia social e enfrentou a pandemia de Covid da melhor forma.<\/p>\n<p>&nbsp;<\/p>\n<p>\u201cRenan Filho fez uma verdadeira revolu\u00e7\u00e3o em Alagoas, pra n\u00e3o falar s\u00f3 em nosso munic\u00edpio, e o nosso povo n\u00e3o lhe faltar\u00e1 porque n\u00f3s sabemos ser gratos e reconhecemos quem ajuda Penedo\u201d, completou Ronaldo Lopes, que entregou uma placa em agradecimento, em nome do povo de Penedo, ao governador que recebeu 86% dos votos dos eleitores penedenses em sua reelei\u00e7\u00e3o.<\/p>\n<p>&nbsp;<\/p>\n<p>Sobre o tema pol\u00edtica, Renan Filho informou seu afastamento do cargo que ser\u00e1 assumido pelo deputado Paulo Dantas (em fun\u00e7\u00e3o do vice Luciano Barbosa ter sido eleito prefeito de Arapiraca) e que Penedo precisa ter sua representatividade fortalecida, citando os nomes de Guilherme Lopes para a Assembleia Legislativa Estadual e o de Marcius Beltr\u00e3o para a C\u00e2mara Federal.<\/p>\n<p>&nbsp;<\/p>\n<p>Ap\u00f3s a solenidade em Penedo, Renan Filho e comitiva seguiram para o munic\u00edpio de S\u00e3o Br\u00e1s, vizinho de Porto Real do Col\u00e9gio, retornando em seguida para Macei\u00f3.<\/p>\n<p>&nbsp;<\/p>\n<p>&nbsp;<\/p>\n<p>&nbsp;<\/p>\n<p><strong>por Fernando Vin\u00edcius &#8211; Decom PMP<\/strong><\/p>\n<p>&nbsp;<\/p>\n<p><a href=\"http:\/\/oparanews.com.br\/wp-content\/uploads\/2022\/03\/renan-filho-penedo-inauguracoes-6-1068x712-1.jpeg\"><img loading=\"lazy\" decoding=\"async\" class=\"alignleft size-medium wp-image-22471\" src=\"http:\/\/oparanews.com.br\/wp-content\/uploads\/2022\/03\/renan-filho-penedo-inauguracoes-6-1068x712-1-300x200.jpeg\" alt=\"\" width=\"300\" height=\"200\" srcset=\"https:\/\/www.oparanews.com.br\/wp-content\/uploads\/2022\/03\/renan-filho-penedo-inauguracoes-6-1068x712-1-300x200.jpeg 300w, https:\/\/www.oparanews.com.br\/wp-content\/uploads\/2022\/03\/renan-filho-penedo-inauguracoes-6-1068x712-1-1024x683.jpeg 1024w, https:\/\/www.oparanews.com.br\/wp-content\/uploads\/2022\/03\/renan-filho-penedo-inauguracoes-6-1068x712-1-768x512.jpeg 768w, https:\/\/www.oparanews.com.br\/wp-content\/uploads\/2022\/03\/renan-filho-penedo-inauguracoes-6-1068x712-1.jpeg 1068w\" sizes=\"auto, (max-width: 300px) 100vw, 300px\" \/><\/a> <a href=\"http:\/\/oparanews.com.br\/wp-content\/uploads\/2022\/03\/renan-filho-penedo-inauguracoes-7-1068x712-1.jpeg\"><img loading=\"lazy\" decoding=\"async\" class=\"alignleft size-medium wp-image-22472\" src=\"http:\/\/oparanews.com.br\/wp-content\/uploads\/2022\/03\/renan-filho-penedo-inauguracoes-7-1068x712-1-300x200.jpeg\" alt=\"\" width=\"300\" height=\"200\" srcset=\"https:\/\/www.oparanews.com.br\/wp-content\/uploads\/2022\/03\/renan-filho-penedo-inauguracoes-7-1068x712-1-300x200.jpeg 300w, https:\/\/www.oparanews.com.br\/wp-content\/uploads\/2022\/03\/renan-filho-penedo-inauguracoes-7-1068x712-1-1024x683.jpeg 1024w, https:\/\/www.oparanews.com.br\/wp-content\/uploads\/2022\/03\/renan-filho-penedo-inauguracoes-7-1068x712-1-768x512.jpeg 768w, https:\/\/www.oparanews.com.br\/wp-content\/uploads\/2022\/03\/renan-filho-penedo-inauguracoes-7-1068x712-1.jpeg 1068w\" sizes=\"auto, (max-width: 300px) 100vw, 300px\" \/><\/a> <a href=\"http:\/\/oparanews.com.br\/wp-content\/uploads\/2022\/03\/renan-filho-penedo-inauguracoes-8-1068x712-1.jpeg\"><img loading=\"lazy\" decoding=\"async\" class=\"alignleft size-medium wp-image-22473\" src=\"http:\/\/oparanews.com.br\/wp-content\/uploads\/2022\/03\/renan-filho-penedo-inauguracoes-8-1068x712-1-300x200.jpeg\" alt=\"\" width=\"300\" height=\"200\" srcset=\"https:\/\/www.oparanews.com.br\/wp-content\/uploads\/2022\/03\/renan-filho-penedo-inauguracoes-8-1068x712-1-300x200.jpeg 300w, https:\/\/www.oparanews.com.br\/wp-content\/uploads\/2022\/03\/renan-filho-penedo-inauguracoes-8-1068x712-1-1024x683.jpeg 1024w, https:\/\/www.oparanews.com.br\/wp-content\/uploads\/2022\/03\/renan-filho-penedo-inauguracoes-8-1068x712-1-768x512.jpeg 768w, https:\/\/www.oparanews.com.br\/wp-content\/uploads\/2022\/03\/renan-filho-penedo-inauguracoes-8-1068x712-1.jpeg 1068w\" sizes=\"auto, (max-width: 300px) 100vw, 300px\" \/><\/a> <a href=\"http:\/\/oparanews.com.br\/wp-content\/uploads\/2022\/03\/renan-filho-penedo-inauguracoes-12-1068x712-1.jpeg\"><img loading=\"lazy\" decoding=\"async\" class=\"alignleft size-medium wp-image-22474\" src=\"http:\/\/oparanews.com.br\/wp-content\/uploads\/2022\/03\/renan-filho-penedo-inauguracoes-12-1068x712-1-300x200.jpeg\" alt=\"\" width=\"300\" height=\"200\" srcset=\"https:\/\/www.oparanews.com.br\/wp-content\/uploads\/2022\/03\/renan-filho-penedo-inauguracoes-12-1068x712-1-300x200.jpeg 300w, https:\/\/www.oparanews.com.br\/wp-content\/uploads\/2022\/03\/renan-filho-penedo-inauguracoes-12-1068x712-1-1024x683.jpeg 1024w, https:\/\/www.oparanews.com.br\/wp-content\/uploads\/2022\/03\/renan-filho-penedo-inauguracoes-12-1068x712-1-768x512.jpeg 768w, https:\/\/www.oparanews.com.br\/wp-content\/uploads\/2022\/03\/renan-filho-penedo-inauguracoes-12-1068x712-1.jpeg 1068w\" sizes=\"auto, (max-width: 300px) 100vw, 300px\" \/><\/a> <a href=\"http:\/\/oparanews.com.br\/wp-content\/uploads\/2022\/03\/renan-filho-penedo-inauguracoes-14-1068x712-1.jpeg\"><img loading=\"lazy\" decoding=\"async\" class=\"alignleft size-medium wp-image-22475\" src=\"http:\/\/oparanews.com.br\/wp-content\/uploads\/2022\/03\/renan-filho-penedo-inauguracoes-14-1068x712-1-300x200.jpeg\" alt=\"\" width=\"300\" height=\"200\" srcset=\"https:\/\/www.oparanews.com.br\/wp-content\/uploads\/2022\/03\/renan-filho-penedo-inauguracoes-14-1068x712-1-300x200.jpeg 300w, https:\/\/www.oparanews.com.br\/wp-content\/uploads\/2022\/03\/renan-filho-penedo-inauguracoes-14-1068x712-1-1024x683.jpeg 1024w, https:\/\/www.oparanews.com.br\/wp-content\/uploads\/2022\/03\/renan-filho-penedo-inauguracoes-14-1068x712-1-768x512.jpeg 768w, https:\/\/www.oparanews.com.br\/wp-content\/uploads\/2022\/03\/renan-filho-penedo-inauguracoes-14-1068x712-1.jpeg 1068w\" sizes=\"auto, (max-width: 300px) 100vw, 300px\" \/><\/a><\/p>\n<p>&nbsp;<\/p>\n<p>&nbsp;<\/p>\n<p>&nbsp;<\/p>\n","protected":false},"excerpt":{"rendered":"<p>O governador Renan Filho entregou novos investimentos ao povo da regi\u00e3o do Baixo S\u00e3o Francisco nesta ter\u00e7a-feira, 22, durante encontro realizado em Penedo que reuniu autoridades e a popula\u00e7\u00e3o local com representantes dos munic\u00edpios de Pia\u00e7abu\u00e7u, Igreja Nova e Porto Real do Col\u00e9gio. &nbsp; O melhor governador da hist\u00f3ria de Alagoas \u2013 palavras do Prefeito &hellip;<\/p>\n","protected":false},"author":2,"featured_media":22470,"comment_status":"open","ping_status":"open","sticky":false,"template":"","format":"standard","meta":{"_jetpack_memberships_contains_paid_content":false,"footnotes":""},"categories":[1,3],"tags":[],"class_list":["post-22469","post","type-post","status-publish","format-standard","has-post-thumbnail","hentry","category-destaque","category-penedo"],"jetpack_featured_media_url":"https:\/\/www.oparanews.com.br\/wp-content\/uploads\/2022\/03\/renan-filho-ronaldo-lopes.jpg","jetpack_sharing_enabled":true,"_links":{"self":[{"href":"https:\/\/www.oparanews.com.br\/index.php\/wp-json\/wp\/v2\/posts\/22469","targetHints":{"allow":["GET"]}}],"collection":[{"href":"https:\/\/www.oparanews.com.br\/index.php\/wp-json\/wp\/v2\/posts"}],"about":[{"href":"https:\/\/www.oparanews.com.br\/index.php\/wp-json\/wp\/v2\/types\/post"}],"author":[{"embeddable":true,"href":"https:\/\/www.oparanews.com.br\/index.php\/wp-json\/wp\/v2\/users\/2"}],"replies":[{"embeddable":true,"href":"https:\/\/www.oparanews.com.br\/index.php\/wp-json\/wp\/v2\/comments?post=22469"}],"version-history":[{"count":3,"href":"https:\/\/www.oparanews.com.br\/index.php\/wp-json\/wp\/v2\/posts\/22469\/revisions"}],"predecessor-version":[{"id":22484,"href":"https:\/\/www.oparanews.com.br\/index.php\/wp-json\/wp\/v2\/posts\/22469\/revisions\/22484"}],"wp:featuredmedia":[{"embeddable":true,"href":"https:\/\/www.oparanews.com.br\/index.php\/wp-json\/wp\/v2\/media\/22470"}],"wp:attachment":[{"href":"https:\/\/www.oparanews.com.br\/index.php\/wp-json\/wp\/v2\/media?parent=22469"}],"wp:term":[{"taxonomy":"category","embeddable":true,"href":"https:\/\/www.oparanews.com.br\/index.php\/wp-json\/wp\/v2\/categories?post=22469"},{"taxonomy":"post_tag","embeddable":true,"href":"https:\/\/www.oparanews.com.br\/index.php\/wp-json\/wp\/v2\/tags?post=22469"}],"curies":[{"name":"wp","href":"https:\/\/api.w.org\/{rel}","templated":true}]}}