{"id":22494,"date":"2022-03-23T20:44:01","date_gmt":"2022-03-23T23:44:01","guid":{"rendered":"https:\/\/oparanews.com.br\/?p=22494"},"modified":"2022-03-23T20:44:28","modified_gmt":"2022-03-23T23:44:28","slug":"tecnicos-da-ufal-entram-em-greve-por-tempo-indeterminado-a-partir-desta-quarta-feira","status":"publish","type":"post","link":"https:\/\/www.oparanews.com.br\/index.php\/2022\/03\/23\/tecnicos-da-ufal-entram-em-greve-por-tempo-indeterminado-a-partir-desta-quarta-feira\/","title":{"rendered":"T\u00e9cnicos da Ufal entram em greve por tempo indeterminado a partir desta quarta-feira"},"content":{"rendered":"<p>Os servidores t\u00e9cnicos-administrativos da Universidade Federal de Alagoas (Ufal) entraram em greve por tempo indeterminado a partir desta quarta-feira (23). A categoria reivindica recomposi\u00e7\u00e3o de sal\u00e1rios de 19,99%.<\/p>\n<p>&nbsp;<\/p>\n<p>A assembleia geral unificada, realizada na \u00faltima segunda (21), contou com a participa\u00e7\u00e3o dos professores da Ufal, que n\u00e3o aprovaram a greve. A categoria dos professores decidiu fazer somente uma mobiliza\u00e7\u00e3o nesta quarta, Dia de Luta Nacional dos Servidores P\u00fablicos Federais.<\/p>\n<p>&nbsp;<\/p>\n<p>A Ufal retomou as aulas presenciais nesta semana, ap\u00f3s dois anos de ensino remoto por conta da pandemia.<\/p>\n<p>&nbsp;<\/p>\n<p>Desde o in\u00edcio do ano, os servidores p\u00fablicos federais est\u00e3o em campanha unificada pela recomposi\u00e7\u00e3o de sal\u00e1rios referente \u00e0 infla\u00e7\u00e3o acumulada durante os tr\u00eas anos de governo de Jair Bolsonaro (sem partido), conforme o \u00cdndice de Pre\u00e7os ao Consumidor Ampliado (IPCA\/IBGE).<\/p>\n<p>&nbsp;<\/p>\n<p>Segundo as categorias, os servidores p\u00fablicos federais est\u00e3o sem reajuste desde 2017.<\/p>\n<p>&nbsp;<\/p>\n<p>As categorias tamb\u00e9m pedem a revoga\u00e7\u00e3o da Emenda Constitucional 95 e a derrubada da Proposta de Emenda \u00e0 Constitui\u00e7\u00e3o 32.<\/p>\n<p>&nbsp;<\/p>\n<p>&nbsp;<\/p>\n<p><strong>Fonte: G1\/AL<\/strong><\/p>\n","protected":false},"excerpt":{"rendered":"<p>Os servidores t\u00e9cnicos-administrativos da Universidade Federal de Alagoas (Ufal) entraram em greve por tempo indeterminado a partir desta quarta-feira (23). A categoria reivindica recomposi\u00e7\u00e3o de sal\u00e1rios de 19,99%. &nbsp; A assembleia geral unificada, realizada na \u00faltima segunda (21), contou com a participa\u00e7\u00e3o dos professores da Ufal, que n\u00e3o aprovaram a greve. A categoria dos professores &hellip;<\/p>\n","protected":false},"author":2,"featured_media":22495,"comment_status":"open","ping_status":"open","sticky":false,"template":"","format":"standard","meta":{"_jetpack_memberships_contains_paid_content":false,"footnotes":""},"categories":[4,1],"tags":[],"class_list":["post-22494","post","type-post","status-publish","format-standard","has-post-thumbnail","hentry","category-alagoas","category-destaque"],"jetpack_featured_media_url":"https:\/\/www.oparanews.com.br\/wp-content\/uploads\/2022\/03\/Sem-titulo-19.jpg","jetpack_sharing_enabled":true,"_links":{"self":[{"href":"https:\/\/www.oparanews.com.br\/index.php\/wp-json\/wp\/v2\/posts\/22494","targetHints":{"allow":["GET"]}}],"collection":[{"href":"https:\/\/www.oparanews.com.br\/index.php\/wp-json\/wp\/v2\/posts"}],"about":[{"href":"https:\/\/www.oparanews.com.br\/index.php\/wp-json\/wp\/v2\/types\/post"}],"author":[{"embeddable":true,"href":"https:\/\/www.oparanews.com.br\/index.php\/wp-json\/wp\/v2\/users\/2"}],"replies":[{"embeddable":true,"href":"https:\/\/www.oparanews.com.br\/index.php\/wp-json\/wp\/v2\/comments?post=22494"}],"version-history":[{"count":2,"href":"https:\/\/www.oparanews.com.br\/index.php\/wp-json\/wp\/v2\/posts\/22494\/revisions"}],"predecessor-version":[{"id":22497,"href":"https:\/\/www.oparanews.com.br\/index.php\/wp-json\/wp\/v2\/posts\/22494\/revisions\/22497"}],"wp:featuredmedia":[{"embeddable":true,"href":"https:\/\/www.oparanews.com.br\/index.php\/wp-json\/wp\/v2\/media\/22495"}],"wp:attachment":[{"href":"https:\/\/www.oparanews.com.br\/index.php\/wp-json\/wp\/v2\/media?parent=22494"}],"wp:term":[{"taxonomy":"category","embeddable":true,"href":"https:\/\/www.oparanews.com.br\/index.php\/wp-json\/wp\/v2\/categories?post=22494"},{"taxonomy":"post_tag","embeddable":true,"href":"https:\/\/www.oparanews.com.br\/index.php\/wp-json\/wp\/v2\/tags?post=22494"}],"curies":[{"name":"wp","href":"https:\/\/api.w.org\/{rel}","templated":true}]}}