{"id":22504,"date":"2022-03-23T20:52:54","date_gmt":"2022-03-23T23:52:54","guid":{"rendered":"https:\/\/oparanews.com.br\/?p=22504"},"modified":"2022-03-23T20:53:17","modified_gmt":"2022-03-23T23:53:17","slug":"maceio-aplica-4a-dose-da-vacina-contra-covid-em-idosos-com-80-anos-ou-mais","status":"publish","type":"post","link":"https:\/\/www.oparanews.com.br\/index.php\/2022\/03\/23\/maceio-aplica-4a-dose-da-vacina-contra-covid-em-idosos-com-80-anos-ou-mais\/","title":{"rendered":"Macei\u00f3 aplica 4\u00aa dose da vacina contra Covid em idosos com 80 anos ou mais"},"content":{"rendered":"<p>Ap\u00f3s autoriza\u00e7\u00e3o do Minist\u00e9rio da Sa\u00fade, a Prefeitura de Macei\u00f3 come\u00e7a a vacinar idosos com a quarta dose da vacina contra Covid nesta quinta-feira (24). Devem ser vacinadas pessoas com 80 anos ou mais de idade.<\/p>\n<p>&nbsp;<\/p>\n<p>A indica\u00e7\u00e3o do governo federal \u00e9 que a nova dose de refor\u00e7o seja feita ap\u00f3s quatro meses da \u00faltima vacina, e que seja preferencialmente da farmac\u00eautica Pfizer, ou seja, aquelas pessoas da faixa et\u00e1ria que receberam a \u00faltima imuniza\u00e7\u00e3o no dia 24 de novembro ou antes.<\/p>\n<p>&nbsp;<\/p>\n<p>A m\u00e9dia estimada de idosos dessa etapa \u00e9 10 mil pessoas na capital. Inicialmente, nem todos poder\u00e3o tomar o segundo refor\u00e7o de vacina por conta da data, precisando apenas aguardar que se completem quatro meses ap\u00f3s a \u00faltima dose registrada no cart\u00e3o.<\/p>\n<p>&nbsp;<\/p>\n<p>&#8220;Todos com essa idade que j\u00e1 completaram quatro meses da terceira dose podem tomar a partir desta quinta-feira. \u00c9 s\u00f3 procurar no seu cart\u00e3o de vacina\u00e7\u00e3o qual foi a data da terceira dose e, se foi 24 de novembro ou antes, j\u00e1 pode procurar um dos pontos mais pr\u00f3ximos de casa&#8221;, explicou Claydson Moura, coordenador da vacina\u00e7\u00e3o contra Covid em Macei\u00f3.<\/p>\n<p>&nbsp;<\/p>\n<p><strong>Confira hor\u00e1rios e locais para se vacinar em Macei\u00f3<\/strong><\/p>\n<p>&nbsp;<\/p>\n<p>Osvaldo Brand\u00e3o Vilela (Ponta da Terra) &#8211; segunda a sexta, das 9h \u00e0s 20h<br \/>\nPitanguinha &#8211; segunda a sexta, das 9h \u00e0s 20h<br \/>\nAnt\u00f4nio de P\u00e1dua (Petr\u00f3polis) &#8211; segunda a sexta, das 9h \u00e0s 20h<br \/>\nJos\u00e9 Ten\u00f3rio (Serraria) &#8211; segunda a sexta, das 9h \u00e0s 20h<br \/>\nTereza Barbosa (Eust\u00e1quio Gomes) &#8211; segunda a sexta, das 9h \u00e0s 20h<br \/>\nMaria Concei\u00e7\u00e3o Fonseca Paranhos (Jacarecica) &#8211; segunda a sexta, das 9h \u00e0s 20h<br \/>\nAliomar Lins (Benedito Bentes) &#8211; segunda a sexta, das 9h \u00e0s 20h<br \/>\nJos\u00e9 Guedes de Farias (Conjunto Medeiros Neto, Santa Am\u00e9lia) &#8211; segunda a sexta, das 9h \u00e0s 20h<br \/>\nRoland Simon (Vergel) &#8211; segunda a sexta, das 9h \u00e0s 16h<br \/>\nS\u00e3o Jorge &#8211; segunda a sexta, das 9h \u00e0s 16h<br \/>\nPimentel Amorim (Salvador Lyra) &#8211; segunda a sexta, das 9h \u00e0s 16h<br \/>\nMarlene Lanverly (Santa L\u00facia) &#8211; segunda a sexta, das 9h \u00e0s 16h<br \/>\nUS Jo\u00e3o Sampaio &#8211; segunda a sexta, das 9h \u00e0s 16h<br \/>\nUS Jo\u00e3o Paulo &#8211; segunda a sexta, das 9h \u00e0s 16h<br \/>\nUS IB Gato &#8211; segunda a sexta, das 9h \u00e0s 16h<br \/>\nMacei\u00f3 Shopping &#8211; das 9h \u00e0s 21h, de segunda a s\u00e1bado<br \/>\nTerminal de \u00d4nibus do Osman Loureiro (Clima Bom), das 9h \u00e0s 16h, de segunda a s\u00e1bado<br \/>\nPap\u00f3dromo (Vergel), das 9h \u00e0s 16h, de segunda a s\u00e1bado<br \/>\nPra\u00e7a Padre C\u00edcero (Benedito Bentes), das 9h \u00e0s 16h, de segunda a s\u00e1bado<br \/>\nCaraj\u00e1s Home Center (Tabuleiro do Martins), das 9h \u00e0s 16h, de segunda a s\u00e1bado<br \/>\nCAT M\u00f3vel \u2013 Praia de Ponta Verde \u2013 10h \u00e0s 21h, de domingo a domingo<br \/>\n\u00d4nibus da Vacina &#8211; 09h \u00e0s 16h, de segunda a sexta<br \/>\nPonto exclusivo para crian\u00e7as de 5 a 11 anos:<br \/>\nP\u00e1tio Shopping &#8211; de segunda a s\u00e1bado das 15h \u00e0s 21h, e domingo das 12h \u00e0s 18h<\/p>\n<p>&nbsp;<\/p>\n<p><strong>Unidades de sa\u00fade que atendem exclusivamente crian\u00e7as de 6 a 11 anos:<\/strong><\/p>\n<p>&nbsp;<\/p>\n<p>II Centro de Sa\u00fade (Pra\u00e7a da Maravilha, Po\u00e7o) &#8211; 09h \u00e0s 16h, de segunda a sexta<br \/>\nESF Ouro Preto &#8211; 09h \u00e0s 16h, de segunda a sexta<br \/>\nCl\u00e1udio Medeiros (Rio Novo) &#8211; 09h \u00e0s 16h, de segunda a sexta<br \/>\nPaulo Leal (Feitosa) &#8211; 09h \u00e0s 16h, de segunda a sexta<br \/>\nArthur Ramos (Henrique Equelman) &#8211; 09h \u00e0s 16h, de segunda a sexta<br \/>\nUnidade Docente Assistencial Professor Gilberto de Macedo (UFAL) &#8211; 09h \u00e0s 16h, de segunda a sexta<br \/>\nUS Vanderli Maria de Andrade (Riacho Doce) &#8211; 09h \u00e0s 16h, de segunda a sexta<br \/>\nDurval Cortez (Prado) &#8211; 09h \u00e0s 20h, de segunda a sexta<\/p>\n<p>&nbsp;<\/p>\n<p>&nbsp;<\/p>\n<p><strong>Fonte: G1\/AL<\/strong><\/p>\n","protected":false},"excerpt":{"rendered":"<p>Ap\u00f3s autoriza\u00e7\u00e3o do Minist\u00e9rio da Sa\u00fade, a Prefeitura de Macei\u00f3 come\u00e7a a vacinar idosos com a quarta dose da vacina contra Covid nesta quinta-feira (24). Devem ser vacinadas pessoas com 80 anos ou mais de idade. &nbsp; A indica\u00e7\u00e3o do governo federal \u00e9 que a nova dose de refor\u00e7o seja feita ap\u00f3s quatro meses da &hellip;<\/p>\n","protected":false},"author":2,"featured_media":22505,"comment_status":"open","ping_status":"open","sticky":false,"template":"","format":"standard","meta":{"_jetpack_memberships_contains_paid_content":false,"footnotes":""},"categories":[4],"tags":[],"class_list":["post-22504","post","type-post","status-publish","format-standard","has-post-thumbnail","hentry","category-alagoas"],"jetpack_featured_media_url":"https:\/\/www.oparanews.com.br\/wp-content\/uploads\/2022\/03\/Sem-titulo-21.jpg","jetpack_sharing_enabled":true,"_links":{"self":[{"href":"https:\/\/www.oparanews.com.br\/index.php\/wp-json\/wp\/v2\/posts\/22504","targetHints":{"allow":["GET"]}}],"collection":[{"href":"https:\/\/www.oparanews.com.br\/index.php\/wp-json\/wp\/v2\/posts"}],"about":[{"href":"https:\/\/www.oparanews.com.br\/index.php\/wp-json\/wp\/v2\/types\/post"}],"author":[{"embeddable":true,"href":"https:\/\/www.oparanews.com.br\/index.php\/wp-json\/wp\/v2\/users\/2"}],"replies":[{"embeddable":true,"href":"https:\/\/www.oparanews.com.br\/index.php\/wp-json\/wp\/v2\/comments?post=22504"}],"version-history":[{"count":2,"href":"https:\/\/www.oparanews.com.br\/index.php\/wp-json\/wp\/v2\/posts\/22504\/revisions"}],"predecessor-version":[{"id":22507,"href":"https:\/\/www.oparanews.com.br\/index.php\/wp-json\/wp\/v2\/posts\/22504\/revisions\/22507"}],"wp:featuredmedia":[{"embeddable":true,"href":"https:\/\/www.oparanews.com.br\/index.php\/wp-json\/wp\/v2\/media\/22505"}],"wp:attachment":[{"href":"https:\/\/www.oparanews.com.br\/index.php\/wp-json\/wp\/v2\/media?parent=22504"}],"wp:term":[{"taxonomy":"category","embeddable":true,"href":"https:\/\/www.oparanews.com.br\/index.php\/wp-json\/wp\/v2\/categories?post=22504"},{"taxonomy":"post_tag","embeddable":true,"href":"https:\/\/www.oparanews.com.br\/index.php\/wp-json\/wp\/v2\/tags?post=22504"}],"curies":[{"name":"wp","href":"https:\/\/api.w.org\/{rel}","templated":true}]}}