{"id":22529,"date":"2022-03-23T21:24:02","date_gmt":"2022-03-24T00:24:02","guid":{"rendered":"https:\/\/oparanews.com.br\/?p=22529"},"modified":"2022-03-23T21:24:02","modified_gmt":"2022-03-24T00:24:02","slug":"anvisa-proibe-a-comercializacao-da-pomada-para-cabelos","status":"publish","type":"post","link":"https:\/\/www.oparanews.com.br\/index.php\/2022\/03\/23\/anvisa-proibe-a-comercializacao-da-pomada-para-cabelos\/","title":{"rendered":"Anvisa pro\u00edbe a comercializa\u00e7\u00e3o da pomada para cabelos"},"content":{"rendered":"<p>A Ag\u00eancia Nacional de Vigil\u00e2ncia Sanit\u00e1ria proibiu, na tarde desta quinta-feira (23), a venda da pomada para tran\u00e7as \u00d4megafix, fabricada pela Cape Ind\u00fastria de Cosm\u00e9ticos Ltda. A medida, que tamb\u00e9m determina o recolhimento da pomada das prateleiras, j\u00e1 foi publicada no Di\u00e1rio Oficial da Uni\u00e3o desta quarta-feira.<\/p>\n<p>&nbsp;<\/p>\n<p>A Anvisa explicou que o produto n\u00e3o tem registro na Ag\u00eancia e que, portanto, a seguran\u00e7a da pomada n\u00e3o p\u00f4de ser aferida.<\/p>\n<p>&nbsp;<\/p>\n<p>&#8220;Nos \u00faltimos dias, a Ag\u00eancia tomou conhecimento, pela m\u00eddia, de casos sobre problemas oculares relatados por usu\u00e1rios ap\u00f3s o uso da pomada. Diante das den\u00fancias, foi aberto um dossi\u00ea de investiga\u00e7\u00e3o referente ao caso.&#8221;, completou o comunicado publicado no site da Anvisa.<\/p>\n<p>&nbsp;<\/p>\n<p>&nbsp;<\/p>\n<p><strong>Fonte: Terra<\/strong><\/p>\n","protected":false},"excerpt":{"rendered":"<p>A Ag\u00eancia Nacional de Vigil\u00e2ncia Sanit\u00e1ria proibiu, na tarde desta quinta-feira (23), a venda da pomada para tran\u00e7as \u00d4megafix, fabricada pela Cape Ind\u00fastria de Cosm\u00e9ticos Ltda. A medida, que tamb\u00e9m determina o recolhimento da pomada das prateleiras, j\u00e1 foi publicada no Di\u00e1rio Oficial da Uni\u00e3o desta quarta-feira. &nbsp; A Anvisa explicou que o produto n\u00e3o &hellip;<\/p>\n","protected":false},"author":2,"featured_media":22530,"comment_status":"open","ping_status":"open","sticky":false,"template":"","format":"standard","meta":{"_jetpack_memberships_contains_paid_content":false,"footnotes":""},"categories":[5],"tags":[],"class_list":["post-22529","post","type-post","status-publish","format-standard","has-post-thumbnail","hentry","category-brasil-mundo"],"jetpack_featured_media_url":"https:\/\/www.oparanews.com.br\/wp-content\/uploads\/2022\/03\/2021-11-26T135616Z_1_LYNXMPEHAP0LP_RTROPTP_3_SAUDE-COVID-AEROPORTOS.webp","jetpack_sharing_enabled":true,"_links":{"self":[{"href":"https:\/\/www.oparanews.com.br\/index.php\/wp-json\/wp\/v2\/posts\/22529","targetHints":{"allow":["GET"]}}],"collection":[{"href":"https:\/\/www.oparanews.com.br\/index.php\/wp-json\/wp\/v2\/posts"}],"about":[{"href":"https:\/\/www.oparanews.com.br\/index.php\/wp-json\/wp\/v2\/types\/post"}],"author":[{"embeddable":true,"href":"https:\/\/www.oparanews.com.br\/index.php\/wp-json\/wp\/v2\/users\/2"}],"replies":[{"embeddable":true,"href":"https:\/\/www.oparanews.com.br\/index.php\/wp-json\/wp\/v2\/comments?post=22529"}],"version-history":[{"count":1,"href":"https:\/\/www.oparanews.com.br\/index.php\/wp-json\/wp\/v2\/posts\/22529\/revisions"}],"predecessor-version":[{"id":22531,"href":"https:\/\/www.oparanews.com.br\/index.php\/wp-json\/wp\/v2\/posts\/22529\/revisions\/22531"}],"wp:featuredmedia":[{"embeddable":true,"href":"https:\/\/www.oparanews.com.br\/index.php\/wp-json\/wp\/v2\/media\/22530"}],"wp:attachment":[{"href":"https:\/\/www.oparanews.com.br\/index.php\/wp-json\/wp\/v2\/media?parent=22529"}],"wp:term":[{"taxonomy":"category","embeddable":true,"href":"https:\/\/www.oparanews.com.br\/index.php\/wp-json\/wp\/v2\/categories?post=22529"},{"taxonomy":"post_tag","embeddable":true,"href":"https:\/\/www.oparanews.com.br\/index.php\/wp-json\/wp\/v2\/tags?post=22529"}],"curies":[{"name":"wp","href":"https:\/\/api.w.org\/{rel}","templated":true}]}}