{"id":22541,"date":"2022-03-24T17:20:12","date_gmt":"2022-03-24T20:20:12","guid":{"rendered":"https:\/\/oparanews.com.br\/?p=22541"},"modified":"2022-03-24T17:20:12","modified_gmt":"2022-03-24T20:20:12","slug":"homenagens-a-penedo-e-ao-dr-helio-lopes-marcam-entrega-do-premio-selma-brito","status":"publish","type":"post","link":"https:\/\/www.oparanews.com.br\/index.php\/2022\/03\/24\/homenagens-a-penedo-e-ao-dr-helio-lopes-marcam-entrega-do-premio-selma-brito\/","title":{"rendered":"Homenagens a Penedo e ao Dr. H\u00e9lio Lopes marcam entrega do Pr\u00eamio Selma Brito"},"content":{"rendered":"<p>A solenidade de entrega do Pr\u00eamio Selma Brito em Penedo foi marcada por elogios \u00e0 cidade ber\u00e7o da forma\u00e7\u00e3o de Alagoas e ao Dr. H\u00e9lio Nogueira Lopes, m\u00e9dico que tamb\u00e9m administrou o munic\u00edpio, a Santa Casa de Penedo, a Secretaria de Estado da Sa\u00fade e representou Penedo e regi\u00e3o por tr\u00eas mandatos na Assembleia Legislativa Estadual (ALE).<\/p>\n<p>&nbsp;<\/p>\n<p>\u201cH\u00e9lio Lopes era um m\u00e9dico de cora\u00e7\u00e3o e da alma\u201d, afirmou o m\u00e9dico penedense Arthur Gomes, pneumologista e cirurgi\u00e3o renomado sobre a refer\u00eancia que definiu a escolha da profiss\u00e3o que honra, reconhecimento expresso nas palavras de Guilherme Lopes, neto de Dr. H\u00e9lio e atual gestor da Secretaria de Sa\u00fade de Penedo.<\/p>\n<p>&nbsp;<\/p>\n<p>\u201cO grande momento dessa noite, para mim, \u00e9 saber que meu av\u00f4 inspirou esse m\u00e9dico que demonstra seriedade no combate \u00e0 pandemia desde o in\u00edcio e mostra a import\u00e2ncia do SUS\u201d, afirmou Guilherme Lopes sobre o homenageado que tamb\u00e9m administra a \u00e1rea m\u00e9dica da Santa Casa de Macei\u00f3.<\/p>\n<p>&nbsp;<\/p>\n<p>Guilherme Lopes recebeu o Pr\u00eamio Selma Brito na categoria gest\u00e3o municipal de sa\u00fade, honra que compartilhou com ex-gestor da pasta, Marcos Beltr\u00e3o, que representou seu irm\u00e3o Marcius Beltr\u00e3o (ex-prefeito de Penedo e atual Secret\u00e1rio de Estado de Desenvolvimento Econ\u00f4mico e Turismo) no evento realizado nessa quarta-feira, 23.<\/p>\n<p>&nbsp;<\/p>\n<p>O conhecido mestre santeiro Timaia (Ant\u00f4nio Francisco Santos) tamb\u00e9m subiu ao palco do Theatro Sete de Setembro para receber a premia\u00e7\u00e3o por seu trabalho que identifica o artes\u00e3o e um tra\u00e7o marcante da cultura penedense, alagoana e nacional.<\/p>\n<p>&nbsp;<\/p>\n<p>O local para a 7\u00aa edi\u00e7\u00e3o do Pr\u00eamio Selma Brito trouxe convidados e homenageados que destacaram as virtudes do primeiro teatro constru\u00eddo em Alagoas, conforme destacou o Prefeito Ronaldo Lopes.<\/p>\n<p>&nbsp;<\/p>\n<p>O gestor penedense falou sobre os investimentos em infraestrutura para Penedo e regi\u00e3o, obras fundamentais para alavancar o turismo na cidade que est\u00e1 pronta para sediar eventos de grande porte, principalmente no Centro de Conven\u00e7\u00f5es instalado no Cine S\u00e3o Francisco, mais um patrim\u00f4nio hist\u00f3rico, arquitet\u00f4nico e cultural brasileiro recuperado.<\/p>\n<p>&nbsp;<\/p>\n<p>O acervo da Cidade dos Sobrados \u00e9 t\u00e3o importante quanto o acolhimento do seu povo, conforme destacou o publicit\u00e1rio e professor Luiz Dantas. Ele disse que todas as pessoas que o visitam em Alagoas s\u00e3o inicialmente apresentadas a dois locais: a foz do Rio S\u00e3o Francisco e Penedo, cidade natal da deputada J\u00f3 Pereira e da jornalista Teresa Machado, alagoanas cujo trabalho recebeu o Pr\u00eamio Selma Brito.<\/p>\n<p>&nbsp;<\/p>\n<p>Realizado pela Empresa Eventurs e em parceria com setores p\u00fablicos e privados, a iniciativa enaltece a\u00e7\u00f5es direcionadas ao Desenvolvimento, Empreendedorismo, Gest\u00e3o e Ind\u00fastria. Em sua 7\u00aa edi\u00e7\u00e3o, 25 personalidades receberam a premia\u00e7\u00e3o em Penedo.<\/p>\n<p>&nbsp;<\/p>\n<p>&nbsp;<\/p>\n<p><strong>por Fernando Vin\u00edcius &#8211; Decom PMP<\/strong><\/p>\n","protected":false},"excerpt":{"rendered":"<p>A solenidade de entrega do Pr\u00eamio Selma Brito em Penedo foi marcada por elogios \u00e0 cidade ber\u00e7o da forma\u00e7\u00e3o de Alagoas e ao Dr. H\u00e9lio Nogueira Lopes, m\u00e9dico que tamb\u00e9m administrou o munic\u00edpio, a Santa Casa de Penedo, a Secretaria de Estado da Sa\u00fade e representou Penedo e regi\u00e3o por tr\u00eas mandatos na Assembleia Legislativa &hellip;<\/p>\n","protected":false},"author":2,"featured_media":22542,"comment_status":"open","ping_status":"open","sticky":false,"template":"","format":"standard","meta":{"_jetpack_memberships_contains_paid_content":false,"footnotes":""},"categories":[1,3],"tags":[],"class_list":["post-22541","post","type-post","status-publish","format-standard","has-post-thumbnail","hentry","category-destaque","category-penedo"],"jetpack_featured_media_url":"https:\/\/www.oparanews.com.br\/wp-content\/uploads\/2022\/03\/premio-selma-brito-penedo-foto-deywisson-duarte-32.jpeg","jetpack_sharing_enabled":true,"_links":{"self":[{"href":"https:\/\/www.oparanews.com.br\/index.php\/wp-json\/wp\/v2\/posts\/22541","targetHints":{"allow":["GET"]}}],"collection":[{"href":"https:\/\/www.oparanews.com.br\/index.php\/wp-json\/wp\/v2\/posts"}],"about":[{"href":"https:\/\/www.oparanews.com.br\/index.php\/wp-json\/wp\/v2\/types\/post"}],"author":[{"embeddable":true,"href":"https:\/\/www.oparanews.com.br\/index.php\/wp-json\/wp\/v2\/users\/2"}],"replies":[{"embeddable":true,"href":"https:\/\/www.oparanews.com.br\/index.php\/wp-json\/wp\/v2\/comments?post=22541"}],"version-history":[{"count":1,"href":"https:\/\/www.oparanews.com.br\/index.php\/wp-json\/wp\/v2\/posts\/22541\/revisions"}],"predecessor-version":[{"id":22543,"href":"https:\/\/www.oparanews.com.br\/index.php\/wp-json\/wp\/v2\/posts\/22541\/revisions\/22543"}],"wp:featuredmedia":[{"embeddable":true,"href":"https:\/\/www.oparanews.com.br\/index.php\/wp-json\/wp\/v2\/media\/22542"}],"wp:attachment":[{"href":"https:\/\/www.oparanews.com.br\/index.php\/wp-json\/wp\/v2\/media?parent=22541"}],"wp:term":[{"taxonomy":"category","embeddable":true,"href":"https:\/\/www.oparanews.com.br\/index.php\/wp-json\/wp\/v2\/categories?post=22541"},{"taxonomy":"post_tag","embeddable":true,"href":"https:\/\/www.oparanews.com.br\/index.php\/wp-json\/wp\/v2\/tags?post=22541"}],"curies":[{"name":"wp","href":"https:\/\/api.w.org\/{rel}","templated":true}]}}