{"id":22554,"date":"2022-03-25T07:29:04","date_gmt":"2022-03-25T10:29:04","guid":{"rendered":"https:\/\/oparanews.com.br\/?p=22554"},"modified":"2022-03-25T07:29:04","modified_gmt":"2022-03-25T10:29:04","slug":"italia-perde-da-macedonia-e-fica-fora-da-copa-do-mundo-pela-segunda-vez-seguida","status":"publish","type":"post","link":"https:\/\/www.oparanews.com.br\/index.php\/2022\/03\/25\/italia-perde-da-macedonia-e-fica-fora-da-copa-do-mundo-pela-segunda-vez-seguida\/","title":{"rendered":"It\u00e1lia perde da Maced\u00f4nia e fica fora da Copa do Mundo pela segunda vez seguida"},"content":{"rendered":"<p>Pela segunda vez consecutiva a It\u00e1lia vai ficar fora da Copa do Mundo. Nesta quinta-feira (24), na cidade de Palermo, os italianos foram derrotados pela Maced\u00f4nia, por 1 a 0, com um gol nos acr\u00e9scimos.<\/p>\n<p>&nbsp;<\/p>\n<p>Tetracampe\u00e3 mundial, a equipe italiana passou boa parte do jogo pressionando o advers\u00e1rio, mas n\u00e3o conseguiu balan\u00e7ar as redes mesmo com mais de 30 chutes a gol.<\/p>\n<p>&nbsp;<\/p>\n<p>Quatro anos ap\u00f3s ficar fora do Mundial disputado na R\u00fassia, os Italianos tamb\u00e9m n\u00e3o v\u00e3o disputar a edi\u00e7\u00e3o realizada no Qatar.<\/p>\n<p>&nbsp;<\/p>\n<p>Agora, na disputa da repescagem europeia, a Maced\u00f4nia vai encarar Portugal. O time portugu\u00eas venceu a Turquia tamb\u00e9m nesta quinta, por 3 a 1.<\/p>\n<p>&nbsp;<\/p>\n<p>No est\u00e1dio do Drag\u00e3o, na cidade do Porto, a sele\u00e7\u00e3o lusitana construiu uma boa vantagem j\u00e1 no primeiro tempo, com gols de Ot\u00e1vio, aos 15 minutos, e Diogo Jota, aos 42. Depois do intervalo, Burak descontou para os turcos, mas Matheus Nunes fechou a conta nos acr\u00e9scimos -a sele\u00e7\u00e3o turca ainda desperdi\u00e7ou um p\u00eanalti quando o placar estava 2 a 1.<\/p>\n<p>&nbsp;<\/p>\n<p>Os donos da casa tiveram o controle da partida, com boas participa\u00e7\u00f5es de Cristiano Ronaldo e Bernardo Silva, embora tenham levado, ao menos, dois sustos em contra-ataques.<\/p>\n<p>&nbsp;<\/p>\n<p>Enquanto isso, no est\u00e1dio Renzo Barbera, em Palermo, os italianos finalizaram ao gol 16 vezes durante a etapa inicial, mas n\u00e3o conseguiu balan\u00e7ar a rede da Maced\u00f4nia. Depois do intervalo, continuaram insistindo, mas quem acabou marcando foi Aleksandar Trajkovski, j\u00e1 nos acr\u00e9scimos.<\/p>\n<p>&nbsp;<\/p>\n<p>Realizada em um novo formato, a disputa previa inicialmente 12 sele\u00e7\u00f5es, divididas em tr\u00eas chaves, com duelos de semifinais e finais em jogos \u00fanicos.<\/p>\n<p>&nbsp;<\/p>\n<p>A R\u00fassia estava no Grupo B e enfrentaria a Pol\u00f4nia. Os russos, por\u00e9m, foram exclu\u00eddos desta disputa pela Fifa, na esteira da s\u00e9rie de san\u00e7\u00f5es impostas ao pa\u00eds governado por Vladimir Putin devido \u00e0 guerra contra a Ucr\u00e2nia, h\u00e1 cerca de um m\u00eas.<\/p>\n<p>&nbsp;<\/p>\n<p>Com a exclus\u00e3o, a equipe que conta com o atacante Robert Lewandowski -eleito pela Fifa o melhor jogador do mundo nos \u00faltimos dois anos- avan\u00e7ou diretamente \u00e0 final. O rival ser\u00e1 o vencedor do duelo entre Su\u00e9cia e Rep\u00fablica Tcheca.<\/p>\n<p>&nbsp;<\/p>\n<p>Tamb\u00e9m como consequ\u00eancia do conflito iniciado por Putin, o confronto entre a Ucr\u00e2nia e a Esc\u00f3cia, em Glasgow, foi adiado e dever\u00e1 ser disputado at\u00e9 junho, em data a ser definida pela Fifa.<\/p>\n<p>&nbsp;<\/p>\n<p>O vencedor dessa partida ser\u00e1 o advers\u00e1rio enfrentar\u00e1 o Pa\u00eds de Gales, que eliminou a \u00c1ustria, com uma vit\u00f3ria por 2 a 1, com dois gols de Gareth Bale.<\/p>\n<p>&nbsp;<\/p>\n<p>Nas Eliminat\u00f3rias europeias, dez sele\u00e7\u00f5es garantiram vagas diretas para a Copa do Mundo: S\u00e9rvia, Espanha, Su\u00ed\u00e7a, Fran\u00e7a, B\u00e9lgica, Dinamarca, Holanda, Cro\u00e1cia, Inglaterra e Alemanha. Mais tr\u00eas pa\u00edses v\u00e3o se juntar ao grupo ao final da repescagem.<\/p>\n<p>&nbsp;<\/p>\n<p>&nbsp;<\/p>\n<p>&nbsp;<\/p>\n<p><strong>Fonte: Folha Press<\/strong><\/p>\n","protected":false},"excerpt":{"rendered":"<p>Pela segunda vez consecutiva a It\u00e1lia vai ficar fora da Copa do Mundo. Nesta quinta-feira (24), na cidade de Palermo, os italianos foram derrotados pela Maced\u00f4nia, por 1 a 0, com um gol nos acr\u00e9scimos. &nbsp; Tetracampe\u00e3 mundial, a equipe italiana passou boa parte do jogo pressionando o advers\u00e1rio, mas n\u00e3o conseguiu balan\u00e7ar as redes &hellip;<\/p>\n","protected":false},"author":2,"featured_media":22555,"comment_status":"open","ping_status":"open","sticky":false,"template":"","format":"standard","meta":{"_jetpack_memberships_contains_paid_content":false,"footnotes":""},"categories":[6],"tags":[],"class_list":["post-22554","post","type-post","status-publish","format-standard","has-post-thumbnail","hentry","category-esporte"],"jetpack_featured_media_url":"https:\/\/www.oparanews.com.br\/wp-content\/uploads\/2022\/03\/Sem-titulo-31.jpg","jetpack_sharing_enabled":true,"_links":{"self":[{"href":"https:\/\/www.oparanews.com.br\/index.php\/wp-json\/wp\/v2\/posts\/22554","targetHints":{"allow":["GET"]}}],"collection":[{"href":"https:\/\/www.oparanews.com.br\/index.php\/wp-json\/wp\/v2\/posts"}],"about":[{"href":"https:\/\/www.oparanews.com.br\/index.php\/wp-json\/wp\/v2\/types\/post"}],"author":[{"embeddable":true,"href":"https:\/\/www.oparanews.com.br\/index.php\/wp-json\/wp\/v2\/users\/2"}],"replies":[{"embeddable":true,"href":"https:\/\/www.oparanews.com.br\/index.php\/wp-json\/wp\/v2\/comments?post=22554"}],"version-history":[{"count":1,"href":"https:\/\/www.oparanews.com.br\/index.php\/wp-json\/wp\/v2\/posts\/22554\/revisions"}],"predecessor-version":[{"id":22556,"href":"https:\/\/www.oparanews.com.br\/index.php\/wp-json\/wp\/v2\/posts\/22554\/revisions\/22556"}],"wp:featuredmedia":[{"embeddable":true,"href":"https:\/\/www.oparanews.com.br\/index.php\/wp-json\/wp\/v2\/media\/22555"}],"wp:attachment":[{"href":"https:\/\/www.oparanews.com.br\/index.php\/wp-json\/wp\/v2\/media?parent=22554"}],"wp:term":[{"taxonomy":"category","embeddable":true,"href":"https:\/\/www.oparanews.com.br\/index.php\/wp-json\/wp\/v2\/categories?post=22554"},{"taxonomy":"post_tag","embeddable":true,"href":"https:\/\/www.oparanews.com.br\/index.php\/wp-json\/wp\/v2\/tags?post=22554"}],"curies":[{"name":"wp","href":"https:\/\/api.w.org\/{rel}","templated":true}]}}