{"id":22569,"date":"2022-03-25T17:10:37","date_gmt":"2022-03-25T20:10:37","guid":{"rendered":"https:\/\/oparanews.com.br\/?p=22569"},"modified":"2022-03-25T17:10:37","modified_gmt":"2022-03-25T20:10:37","slug":"alagoas-nao-registra-mortes-por-covid-nas-ultimas-24-horas","status":"publish","type":"post","link":"https:\/\/www.oparanews.com.br\/index.php\/2022\/03\/25\/alagoas-nao-registra-mortes-por-covid-nas-ultimas-24-horas\/","title":{"rendered":"Alagoas n\u00e3o registra mortes por Covid nas \u00faltimas 24 horas"},"content":{"rendered":"<p>Alagoas n\u00e3o registrou nenhuma morte por Covid nas \u00faltimas 24 horas, segundo o boletim epidemiol\u00f3gico da Secretaria de Estado da Sa\u00fade (Sesau), desta sexta-feira (25). O total de \u00f3bitos na pandemia \u00e9 de 6.866. \u00c9 a primeira vez desde o dia 15 de janeiro que o estado n\u00e3o registra morte pela doen\u00e7a.<\/p>\n<p>&nbsp;<\/p>\n<p>O boletim trouxe mais 202 casos conhecidos do coronav\u00edrus, fazendo subir para 295.916 o n\u00famero total.<\/p>\n<p>&nbsp;<\/p>\n<p>Entre os pacientes diagnosticados com Covid, 288.512 est\u00e3o recuperados. Alagoas ainda tem 1.438 casos suspeitos, \u00e0 espera de resultado de exame.<\/p>\n<p>&nbsp;<\/p>\n<p>A mais recente atualiza\u00e7\u00e3o sobre ocupa\u00e7\u00e3o hospitalar, aponta que 44 dos 284 leitos exclusivos para Covid e Influenza no estado estavam ocupados at\u00e9 as 16h dessa quinta (24), o que corresponde a 15%.<\/p>\n<p>&nbsp;<\/p>\n<p>Considerando apenas os leitos de UTI, a taxa de ocupa\u00e7\u00e3o no estado \u00e9 de 23%. Dos 97 leitos, 22 estavam ocupados. Macei\u00f3 tem percentual de ocupa\u00e7\u00e3o de 35%. No interior, o \u00edndice \u00e9 de apenas 9%.<\/p>\n<p>&nbsp;<\/p>\n<p>&nbsp;<\/p>\n<p><strong>Fonte: G1\/AL<\/strong><\/p>\n","protected":false},"excerpt":{"rendered":"<p>Alagoas n\u00e3o registrou nenhuma morte por Covid nas \u00faltimas 24 horas, segundo o boletim epidemiol\u00f3gico da Secretaria de Estado da Sa\u00fade (Sesau), desta sexta-feira (25). O total de \u00f3bitos na pandemia \u00e9 de 6.866. \u00c9 a primeira vez desde o dia 15 de janeiro que o estado n\u00e3o registra morte pela doen\u00e7a. &nbsp; O boletim &hellip;<\/p>\n","protected":false},"author":2,"featured_media":22570,"comment_status":"open","ping_status":"open","sticky":false,"template":"","format":"standard","meta":{"_jetpack_memberships_contains_paid_content":false,"footnotes":""},"categories":[4,1],"tags":[],"class_list":["post-22569","post","type-post","status-publish","format-standard","has-post-thumbnail","hentry","category-alagoas","category-destaque"],"jetpack_featured_media_url":"https:\/\/www.oparanews.com.br\/wp-content\/uploads\/2022\/03\/novocoronavirusboletim.2e16d0ba.fill-1120x650-1.png","jetpack_sharing_enabled":true,"_links":{"self":[{"href":"https:\/\/www.oparanews.com.br\/index.php\/wp-json\/wp\/v2\/posts\/22569","targetHints":{"allow":["GET"]}}],"collection":[{"href":"https:\/\/www.oparanews.com.br\/index.php\/wp-json\/wp\/v2\/posts"}],"about":[{"href":"https:\/\/www.oparanews.com.br\/index.php\/wp-json\/wp\/v2\/types\/post"}],"author":[{"embeddable":true,"href":"https:\/\/www.oparanews.com.br\/index.php\/wp-json\/wp\/v2\/users\/2"}],"replies":[{"embeddable":true,"href":"https:\/\/www.oparanews.com.br\/index.php\/wp-json\/wp\/v2\/comments?post=22569"}],"version-history":[{"count":1,"href":"https:\/\/www.oparanews.com.br\/index.php\/wp-json\/wp\/v2\/posts\/22569\/revisions"}],"predecessor-version":[{"id":22571,"href":"https:\/\/www.oparanews.com.br\/index.php\/wp-json\/wp\/v2\/posts\/22569\/revisions\/22571"}],"wp:featuredmedia":[{"embeddable":true,"href":"https:\/\/www.oparanews.com.br\/index.php\/wp-json\/wp\/v2\/media\/22570"}],"wp:attachment":[{"href":"https:\/\/www.oparanews.com.br\/index.php\/wp-json\/wp\/v2\/media?parent=22569"}],"wp:term":[{"taxonomy":"category","embeddable":true,"href":"https:\/\/www.oparanews.com.br\/index.php\/wp-json\/wp\/v2\/categories?post=22569"},{"taxonomy":"post_tag","embeddable":true,"href":"https:\/\/www.oparanews.com.br\/index.php\/wp-json\/wp\/v2\/tags?post=22569"}],"curies":[{"name":"wp","href":"https:\/\/api.w.org\/{rel}","templated":true}]}}