{"id":22594,"date":"2022-03-27T12:16:43","date_gmt":"2022-03-27T15:16:43","guid":{"rendered":"https:\/\/oparanews.com.br\/?p=22594"},"modified":"2022-03-27T12:16:43","modified_gmt":"2022-03-27T15:16:43","slug":"13o-salario-do-inss-sera-pago-em-abril-veja-datas-e-quem-recebe","status":"publish","type":"post","link":"https:\/\/www.oparanews.com.br\/index.php\/2022\/03\/27\/13o-salario-do-inss-sera-pago-em-abril-veja-datas-e-quem-recebe\/","title":{"rendered":"13\u00ba sal\u00e1rio do INSS ser\u00e1 pago em abril, veja datas e quem recebe"},"content":{"rendered":"<p>Os aposentados e pensionistas do INSS (Instituto Nacional do Seguro Social) j\u00e1 podem come\u00e7ar a se programar para o recebimento do 13\u00ba sal\u00e1rio que ter\u00e1 sua primeira parcela paga j\u00e1 no pr\u00f3ximo m\u00eas.<\/p>\n<p>&nbsp;<\/p>\n<p>A antecipa\u00e7\u00e3o do 13\u00ba sal\u00e1rio do INSS este ano seguir\u00e1 o mesmo molde dos \u00faltimos dois anos, com o pagamento das duas primeiras parcelas do abono natalino no primeiro semestre ao ano.<\/p>\n<p>&nbsp;<\/p>\n<p>A antecipa\u00e7\u00e3o do benef\u00edcio ocorreu por meio da publica\u00e7\u00e3o de uma Medida Provis\u00f3ria e movimentar\u00e1 mais de R$ 56 bilh\u00f5es que ser\u00e3o pagos a mais de 30 milh\u00f5es de segurados da Previd\u00eancia Social.<\/p>\n<p>&nbsp;<\/p>\n<p>Pagamento do 13\u00ba sal\u00e1rio &#8211; Conforme determina a portaria do INSS, a primeira parcela do 13\u00ba que ser\u00e1 paga a partir de abril corresponder\u00e1 a 50% do valor do benef\u00edcio.<\/p>\n<p>&nbsp;<\/p>\n<p>J\u00e1 para o m\u00eas de maio, a segunda parcela come\u00e7ar\u00e1 a ser paga para os segurados e tamb\u00e9m corresponder\u00e1 aos 50% restantes do valor do benef\u00edcio.<\/p>\n<p>&nbsp;<\/p>\n<p>Todavia, \u00e9 importante lembrar que dependendo do valor que o segurado recebe de benef\u00edcio, \u00e9 poss\u00edvel haver desconto do Imposto de Renda na segunda parcela.<\/p>\n<p>&nbsp;<\/p>\n<p>O 13\u00ba sal\u00e1rio do INSS ser\u00e1 pago para os segurados que recebem algum dos seguintes benef\u00edcios:<\/p>\n<p>&nbsp;<\/p>\n<p>Aux\u00edlio por incapacidade tempor\u00e1ria<br \/>\nAux\u00edlio-acidente<br \/>\nAposentadoria<br \/>\nPens\u00e3o por morte<br \/>\nAux\u00edlio-reclus\u00e3o<\/p>\n<p>&nbsp;<\/p>\n<p>No caso dos benefici\u00e1rios de programas sociais como \u00e9 o caso do BPC\/Loas (Benef\u00edcio de Presta\u00e7\u00e3o Continuada), n\u00e3o possuem direito ao 13\u00ba sal\u00e1rio.<\/p>\n<p>&nbsp;<\/p>\n<p>Calend\u00e1rio de pagamentos &#8211; O pagamento do 13\u00ba sal\u00e1rio do INSS ser\u00e1 feito junto ao pagamento do benef\u00edcio mensal dos segurados, sendo assim, come\u00e7am a receber primeiro os segurados que ganham at\u00e9 um sal\u00e1rio-m\u00ednimo. Posteriormente os segurados que ganham acima de um sal\u00e1rio come\u00e7am a receber.<\/p>\n<p>&nbsp;<\/p>\n<p><strong>Calend\u00e1rio da PRIMEIRA PARCELA para quem ganha um sal\u00e1rio m\u00ednimo (R$ 1.212)<\/strong><\/p>\n<p>&nbsp;<\/p>\n<p>Benef\u00edcio final 1: recebe dia 25\/04;<br \/>\nBenef\u00edcio final 2: recebe dia 26\/04;<br \/>\nBenef\u00edcio final 3: recebe dia 27\/04;<br \/>\nBenef\u00edcio final 4: recebe dia 28\/04l;<br \/>\nBenef\u00edcio final 5: recebe dia 29\/04;<br \/>\nBenef\u00edcio final 6 recebe dia 02\/05;<br \/>\nBenef\u00edcio final 7: recebe dia 03\/05;<br \/>\nBenef\u00edcio final 8: recebe dia 04\/05;<br \/>\nBenef\u00edcio final 9: recebe dia 05\/05;<br \/>\nBenef\u00edcio final 0: recebe dia 006\/05.<\/p>\n<p>&nbsp;<\/p>\n<p><strong>Calend\u00e1rio da PRIMEIRA PARCELA para quem ganha acima de um sal\u00e1rio<\/strong><\/p>\n<p>&nbsp;<\/p>\n<p>Benef\u00edcio final 1 e 6 recebe dia 02\/05;<br \/>\nBenef\u00edcio final 2 e 7: recebe dia 03\/05;<br \/>\nBenef\u00edcio final 3 e 8: recebe dia 04\/05;<br \/>\nBenef\u00edcio final 4 e 9: recebe dia 05\/05;<br \/>\nBenef\u00edcio final 5 e 0: recebe dia 006\/05.<\/p>\n<p>&nbsp;<\/p>\n<p><strong>Calend\u00e1rio da SEGUNDA PARCELA para quem ganha um sal\u00e1rio m\u00ednimo (R$ 1.212)<\/strong><\/p>\n<p>&nbsp;<\/p>\n<p>Benef\u00edcio final 1: recebe dia 25\/05;<br \/>\nBenef\u00edcio final 2: recebe dia 26\/05;<br \/>\nBenef\u00edcio final 3: recebe dia 27\/05;<br \/>\nBenef\u00edcio final 4: recebe dia 30\/05;<br \/>\nBenef\u00edcio final 5: recebe dia 31\/05;<br \/>\nBenef\u00edcio final 6: recebe dia 01\/06;<br \/>\nBenef\u00edcio final 7: recebe dia 02\/06;<br \/>\nBenef\u00edcio final 8: recebe dia 03\/06;<br \/>\nBenef\u00edcio final 9: recebe dia 06\/06;<br \/>\nBenef\u00edcio final 0: recebe dia 07\/06.<\/p>\n<p>&nbsp;<\/p>\n<p><strong>Calend\u00e1rio da SEGUNDA PARCELA para quem ganha acima de um sal\u00e1rio<\/strong><\/p>\n<p>&nbsp;<\/p>\n<p>Benef\u00edcio final 1 e 6: recebe dia 01\/06;<br \/>\nBenef\u00edcio final 2 e 7: recebe dia 02\/06;<br \/>\nBenef\u00edcio final 3 e 8: recebe dia 03\/06;<br \/>\nBenef\u00edcio final 4 e 9: recebe dia 06\/06;<br \/>\nBenef\u00edcio final 5 e 0: recebe dia 07\/06.<\/p>\n<p>&nbsp;<\/p>\n<p>&nbsp;<\/p>\n<p><strong>Fonte: Folhapress<\/strong><\/p>\n<p>&nbsp;<\/p>\n","protected":false},"excerpt":{"rendered":"<p>Os aposentados e pensionistas do INSS (Instituto Nacional do Seguro Social) j\u00e1 podem come\u00e7ar a se programar para o recebimento do 13\u00ba sal\u00e1rio que ter\u00e1 sua primeira parcela paga j\u00e1 no pr\u00f3ximo m\u00eas. &nbsp; A antecipa\u00e7\u00e3o do 13\u00ba sal\u00e1rio do INSS este ano seguir\u00e1 o mesmo molde dos \u00faltimos dois anos, com o pagamento das &hellip;<\/p>\n","protected":false},"author":2,"featured_media":22595,"comment_status":"open","ping_status":"open","sticky":false,"template":"","format":"standard","meta":{"_jetpack_memberships_contains_paid_content":false,"footnotes":""},"categories":[5],"tags":[],"class_list":["post-22594","post","type-post","status-publish","format-standard","has-post-thumbnail","hentry","category-brasil-mundo"],"jetpack_featured_media_url":"https:\/\/www.oparanews.com.br\/wp-content\/uploads\/2022\/03\/csm_INSS_-_Foto_Tomaz_Silva_-_Agencia_Brasil_2_cbd788c1e9.jpg","jetpack_sharing_enabled":true,"_links":{"self":[{"href":"https:\/\/www.oparanews.com.br\/index.php\/wp-json\/wp\/v2\/posts\/22594","targetHints":{"allow":["GET"]}}],"collection":[{"href":"https:\/\/www.oparanews.com.br\/index.php\/wp-json\/wp\/v2\/posts"}],"about":[{"href":"https:\/\/www.oparanews.com.br\/index.php\/wp-json\/wp\/v2\/types\/post"}],"author":[{"embeddable":true,"href":"https:\/\/www.oparanews.com.br\/index.php\/wp-json\/wp\/v2\/users\/2"}],"replies":[{"embeddable":true,"href":"https:\/\/www.oparanews.com.br\/index.php\/wp-json\/wp\/v2\/comments?post=22594"}],"version-history":[{"count":1,"href":"https:\/\/www.oparanews.com.br\/index.php\/wp-json\/wp\/v2\/posts\/22594\/revisions"}],"predecessor-version":[{"id":22596,"href":"https:\/\/www.oparanews.com.br\/index.php\/wp-json\/wp\/v2\/posts\/22594\/revisions\/22596"}],"wp:featuredmedia":[{"embeddable":true,"href":"https:\/\/www.oparanews.com.br\/index.php\/wp-json\/wp\/v2\/media\/22595"}],"wp:attachment":[{"href":"https:\/\/www.oparanews.com.br\/index.php\/wp-json\/wp\/v2\/media?parent=22594"}],"wp:term":[{"taxonomy":"category","embeddable":true,"href":"https:\/\/www.oparanews.com.br\/index.php\/wp-json\/wp\/v2\/categories?post=22594"},{"taxonomy":"post_tag","embeddable":true,"href":"https:\/\/www.oparanews.com.br\/index.php\/wp-json\/wp\/v2\/tags?post=22594"}],"curies":[{"name":"wp","href":"https:\/\/api.w.org\/{rel}","templated":true}]}}