{"id":22600,"date":"2022-03-27T12:28:10","date_gmt":"2022-03-27T15:28:10","guid":{"rendered":"https:\/\/oparanews.com.br\/?p=22600"},"modified":"2022-03-27T12:28:10","modified_gmt":"2022-03-27T15:28:10","slug":"filho-mata-pai-no-municipio-de-vicosa-por-causa-de-r-2","status":"publish","type":"post","link":"https:\/\/www.oparanews.com.br\/index.php\/2022\/03\/27\/filho-mata-pai-no-municipio-de-vicosa-por-causa-de-r-2\/","title":{"rendered":"Filho mata pai no munic\u00edpio de Vi\u00e7osa por causa de R$ 2"},"content":{"rendered":"<p>Um homem de 49 anos matou o pr\u00f3prio pai, um idoso de aproximadamente 85 anos, no munic\u00edpio de Vi\u00e7osa, por causa de R$ 2, conforme revelou o delegado Igor Diego, da Pol\u00edcia Civil. O crime aconteceu na noite desse s\u00e1bado (26) e chocou a popula\u00e7\u00e3o. A identidade deles n\u00e3o foi revelada.<\/p>\n<p>&nbsp;<\/p>\n<p>De acordo com a autoridade policial, o suspeito teria ficado irritado quando pediu o dinheiro e o pai o negou. Ent\u00e3o, os dois come\u00e7aram a discutir. O filho pegou uma foice e uma faca peixeira para atingir o aposentado.<\/p>\n<p>&nbsp;<\/p>\n<p>\u201cEle [o filho] desferiu v\u00e1rios golpes contra o pr\u00f3prio pai, que veio a \u00f3bito em seguida. At\u00e9 o cabo da foice quebrou com a for\u00e7a dos golpes\u201d, detalhou o delegado.<\/p>\n<p>&nbsp;<\/p>\n<p>Ainda conforme Igor Diego, o assassinato aconteceu na porta da casa onde a fam\u00edlia reside, na zona urbana de Vi\u00e7osa. O filho n\u00e3o \u00e9 casado, n\u00e3o tem filhos e morava com os pais at\u00e9 o momento. A esposa da v\u00edtima tinha sa\u00eddo por um instante e, ao chegar, j\u00e1 viu o marido morto.<\/p>\n<p>&nbsp;<\/p>\n<p>Na delegacia, o suspeito confessou o crime pela motiva\u00e7\u00e3o f\u00fatil. \u201cMas, ele alegou que sofre de problemas psicol\u00f3gicos, tendo, inclusive, sido internado em hospitais psiqui\u00e1tricos em outras ocasi\u00f5es. Apesar desta justificativa, ele n\u00e3o apresentou documentos que comprovariam tal estado\u201d, informou o delegado.<\/p>\n<p>&nbsp;<\/p>\n<p>Ele completou que o agressor n\u00e3o tinha passagens pela pol\u00edcia. Agora, ser\u00e1 ouvido em audi\u00eancia de cust\u00f3dia, ainda neste domingo (27), quando o Poder Judici\u00e1rio decidir\u00e1 se ele permanece preso ou se responder\u00e1 pelo crime em liberdade.<\/p>\n<p>&nbsp;<\/p>\n<p>O corpo do idoso foi trazido para o IML de Macei\u00f3 e dever\u00e1 ser liberado para sepultamento ao longo do dia.<\/p>\n<p>&nbsp;<\/p>\n<p><strong>por Thiago Gomes &#8211; Gazetaweb<\/strong><\/p>\n","protected":false},"excerpt":{"rendered":"<p>Um homem de 49 anos matou o pr\u00f3prio pai, um idoso de aproximadamente 85 anos, no munic\u00edpio de Vi\u00e7osa, por causa de R$ 2, conforme revelou o delegado Igor Diego, da Pol\u00edcia Civil. O crime aconteceu na noite desse s\u00e1bado (26) e chocou a popula\u00e7\u00e3o. A identidade deles n\u00e3o foi revelada. &nbsp; De acordo com &hellip;<\/p>\n","protected":false},"author":2,"featured_media":22601,"comment_status":"open","ping_status":"open","sticky":false,"template":"","format":"standard","meta":{"_jetpack_memberships_contains_paid_content":false,"footnotes":""},"categories":[4,1],"tags":[],"class_list":["post-22600","post","type-post","status-publish","format-standard","has-post-thumbnail","hentry","category-alagoas","category-destaque"],"jetpack_featured_media_url":"https:\/\/www.oparanews.com.br\/wp-content\/uploads\/2022\/03\/Sem-titulo-41.jpg","jetpack_sharing_enabled":true,"_links":{"self":[{"href":"https:\/\/www.oparanews.com.br\/index.php\/wp-json\/wp\/v2\/posts\/22600","targetHints":{"allow":["GET"]}}],"collection":[{"href":"https:\/\/www.oparanews.com.br\/index.php\/wp-json\/wp\/v2\/posts"}],"about":[{"href":"https:\/\/www.oparanews.com.br\/index.php\/wp-json\/wp\/v2\/types\/post"}],"author":[{"embeddable":true,"href":"https:\/\/www.oparanews.com.br\/index.php\/wp-json\/wp\/v2\/users\/2"}],"replies":[{"embeddable":true,"href":"https:\/\/www.oparanews.com.br\/index.php\/wp-json\/wp\/v2\/comments?post=22600"}],"version-history":[{"count":1,"href":"https:\/\/www.oparanews.com.br\/index.php\/wp-json\/wp\/v2\/posts\/22600\/revisions"}],"predecessor-version":[{"id":22602,"href":"https:\/\/www.oparanews.com.br\/index.php\/wp-json\/wp\/v2\/posts\/22600\/revisions\/22602"}],"wp:featuredmedia":[{"embeddable":true,"href":"https:\/\/www.oparanews.com.br\/index.php\/wp-json\/wp\/v2\/media\/22601"}],"wp:attachment":[{"href":"https:\/\/www.oparanews.com.br\/index.php\/wp-json\/wp\/v2\/media?parent=22600"}],"wp:term":[{"taxonomy":"category","embeddable":true,"href":"https:\/\/www.oparanews.com.br\/index.php\/wp-json\/wp\/v2\/categories?post=22600"},{"taxonomy":"post_tag","embeddable":true,"href":"https:\/\/www.oparanews.com.br\/index.php\/wp-json\/wp\/v2\/tags?post=22600"}],"curies":[{"name":"wp","href":"https:\/\/api.w.org\/{rel}","templated":true}]}}