{"id":22610,"date":"2022-03-27T21:12:55","date_gmt":"2022-03-28T00:12:55","guid":{"rendered":"https:\/\/oparanews.com.br\/?p=22610"},"modified":"2022-03-27T21:12:55","modified_gmt":"2022-03-28T00:12:55","slug":"rodrigo-regueira-cobra-solucao-para-postos-de-saude-da-zona-rural-de-penedo","status":"publish","type":"post","link":"https:\/\/www.oparanews.com.br\/index.php\/2022\/03\/27\/rodrigo-regueira-cobra-solucao-para-postos-de-saude-da-zona-rural-de-penedo\/","title":{"rendered":"Rodrigo Regueira cobra solu\u00e7\u00e3o para postos de sa\u00fade da zona rural de Penedo"},"content":{"rendered":"<p>O Vereador Rodrigo Regueira tem uma aten\u00e7\u00e3o especial com o morador da zona rural de Penedo e por isso leva ao plen\u00e1rio assuntos que precisam ser solucionados pelo poder p\u00fablico, temas que apresentou durante a sess\u00e3o realizada na quinta-feira, 24.<\/p>\n<p>&nbsp;<\/p>\n<p>O parlamentar requer a abertura do posto de sa\u00fade localizado na comunidade Palmeira Alta, unidade pr\u00f3pria do munic\u00edpio que permanece fechada, mesmo ap\u00f3s a conclus\u00e3o de sua reforma por quest\u00f5es burocr\u00e1ticas. Por conta disso, o atendimento continua sendo feito em uma casa alugada que n\u00e3o atende as necessidades do servi\u00e7o.<\/p>\n<p>&nbsp;<\/p>\n<p>Outro situa\u00e7\u00e3o apontada por Rodrigo Regueira, com requerimento feito para a devida solu\u00e7\u00e3o, est\u00e1 no posto de sa\u00fade do povoado Prosperidade, onde a infesta\u00e7\u00e3o de formigas aumentou, al\u00e9m da continuidade de outros problemas estruturais que o edil cobra solu\u00e7\u00e3o cobra solu\u00e7\u00e3o desde outubro do ano passado.<\/p>\n<p>&nbsp;<\/p>\n<p>Ainda sobre a zona rural, o vereador falou sobre a condi\u00e7\u00e3o da ladeira entre os povoados Konrado e Imbira, trecho j\u00e1 prejudicado pelas chuvas recentes que necessita de servi\u00e7os de regulariza\u00e7\u00e3o urgente, mesmo que de modo paliativo.<\/p>\n<p>&nbsp;<\/p>\n<p>\u201cN\u00f3s temos que ser os olhos da popula\u00e7\u00e3o perante o poder p\u00fablico e eu continuarei cobrando enquanto n\u00e3o for resolvido\u201d, afirmou Rodrigo Regueira, que tamb\u00e9m se posicionou sobre assuntos relacionados com a Santa Casa de Penedo.<\/p>\n<p>&nbsp;<\/p>\n<p>O vereador questiona porque a regula\u00e7\u00e3o de pacientes feita pela Sesau encaminha pessoas de Penedo para Coruripe, no que se refere aos servi\u00e7os de Ortopedia, quando o Hospital Regional da Santa Casa de Penedo \u00e9 credenciado para atender a demanda.<\/p>\n<p>&nbsp;<\/p>\n<p>&nbsp;<\/p>\n<p><strong>Fonte: Ascom CMP<\/strong><\/p>\n","protected":false},"excerpt":{"rendered":"<p>O Vereador Rodrigo Regueira tem uma aten\u00e7\u00e3o especial com o morador da zona rural de Penedo e por isso leva ao plen\u00e1rio assuntos que precisam ser solucionados pelo poder p\u00fablico, temas que apresentou durante a sess\u00e3o realizada na quinta-feira, 24. &nbsp; O parlamentar requer a abertura do posto de sa\u00fade localizado na comunidade Palmeira Alta, &hellip;<\/p>\n","protected":false},"author":2,"featured_media":22365,"comment_status":"open","ping_status":"open","sticky":false,"template":"","format":"standard","meta":{"_jetpack_memberships_contains_paid_content":false,"footnotes":""},"categories":[4,3],"tags":[],"class_list":["post-22610","post","type-post","status-publish","format-standard","has-post-thumbnail","hentry","category-alagoas","category-penedo"],"jetpack_featured_media_url":"https:\/\/www.oparanews.com.br\/wp-content\/uploads\/2022\/03\/Sem-titulo-1.png","jetpack_sharing_enabled":true,"_links":{"self":[{"href":"https:\/\/www.oparanews.com.br\/index.php\/wp-json\/wp\/v2\/posts\/22610","targetHints":{"allow":["GET"]}}],"collection":[{"href":"https:\/\/www.oparanews.com.br\/index.php\/wp-json\/wp\/v2\/posts"}],"about":[{"href":"https:\/\/www.oparanews.com.br\/index.php\/wp-json\/wp\/v2\/types\/post"}],"author":[{"embeddable":true,"href":"https:\/\/www.oparanews.com.br\/index.php\/wp-json\/wp\/v2\/users\/2"}],"replies":[{"embeddable":true,"href":"https:\/\/www.oparanews.com.br\/index.php\/wp-json\/wp\/v2\/comments?post=22610"}],"version-history":[{"count":1,"href":"https:\/\/www.oparanews.com.br\/index.php\/wp-json\/wp\/v2\/posts\/22610\/revisions"}],"predecessor-version":[{"id":22611,"href":"https:\/\/www.oparanews.com.br\/index.php\/wp-json\/wp\/v2\/posts\/22610\/revisions\/22611"}],"wp:featuredmedia":[{"embeddable":true,"href":"https:\/\/www.oparanews.com.br\/index.php\/wp-json\/wp\/v2\/media\/22365"}],"wp:attachment":[{"href":"https:\/\/www.oparanews.com.br\/index.php\/wp-json\/wp\/v2\/media?parent=22610"}],"wp:term":[{"taxonomy":"category","embeddable":true,"href":"https:\/\/www.oparanews.com.br\/index.php\/wp-json\/wp\/v2\/categories?post=22610"},{"taxonomy":"post_tag","embeddable":true,"href":"https:\/\/www.oparanews.com.br\/index.php\/wp-json\/wp\/v2\/tags?post=22610"}],"curies":[{"name":"wp","href":"https:\/\/api.w.org\/{rel}","templated":true}]}}