{"id":22627,"date":"2022-03-28T10:00:45","date_gmt":"2022-03-28T13:00:45","guid":{"rendered":"https:\/\/oparanews.com.br\/?p=22627"},"modified":"2022-03-28T10:00:45","modified_gmt":"2022-03-28T13:00:45","slug":"casal-e-assassinado-dentro-da-casa-onde-morava-em-penedo","status":"publish","type":"post","link":"https:\/\/www.oparanews.com.br\/index.php\/2022\/03\/28\/casal-e-assassinado-dentro-da-casa-onde-morava-em-penedo\/","title":{"rendered":"Casal \u00e9 assassinado dentro da casa onde morava em Penedo"},"content":{"rendered":"<p>Um casal foi assassinado na madrugada desta segunda-feira (28) na cidade de Penedo, regi\u00e3o do Baixo S\u00e3o Francisco de Alagoas. A suspeita da pol\u00edcia \u00e9 que a morte dos dois tenha rela\u00e7\u00e3o com o tr\u00e1fico de drogas.<\/p>\n<p>&nbsp;<\/p>\n<p>Jeov\u00e2nio Xavier da Silva, 38 anos; e Maria Lenilda da Concei\u00e7\u00e3o, 29 anos; foram mortos por disparos de arma de fogo na casa onde moravam no bairro da Cor\u00e9ia.<\/p>\n<p>&nbsp;<\/p>\n<p>De acordo com a Pol\u00edcia Militar, os dois tinham passagens pela pol\u00edcia. Jeov\u00e2nio tinha duas passagens por tr\u00e1fico de drogas e uma por porte ilegal de arma de fogo. Ele tamb\u00e9m usava uma tornozeleira eletr\u00f4nica no momento em que foi assassinado. J\u00e1 Maria Lenilda, respondeu pelo crime de les\u00e3o corporal grave.<\/p>\n<p>&nbsp;<\/p>\n<p>Familiares do casal informaram a pol\u00edcia que apenas os dois estavam no im\u00f3vel no momento do crime e que os assassinos podem ter entrado no im\u00f3vel por uma porta nos fundos, que havia sido derrubada.<\/p>\n<p>&nbsp;<\/p>\n<p>Eles disseram ainda que n\u00e3o conseguiriam informar quem poderia ter cometido o crime, uma vez que o casal possu\u00eda v\u00e1rios desafetos pelo envolvimento com o tr\u00e1fico de drogas.<\/p>\n<p>&nbsp;<\/p>\n<p>Agentes da Pol\u00edcia Civil e t\u00e9cnicos do Instituto de Criminal\u00edstica estiveram no local onde realizaram os primeiros levantamentos referentes a investiga\u00e7\u00e3o.<\/p>\n<p>&nbsp;<\/p>\n<p>Os corpos de Jeov\u00e2nio e Maria Lenilda foram recolhidos ao Instituto M\u00e9dico Legal para serem necropsiados.<\/p>\n<p>&nbsp;<\/p>\n<p>&nbsp;<\/p>\n<p>&nbsp;<\/p>\n<p><strong>Fonte: G1\/AL<\/strong><\/p>\n","protected":false},"excerpt":{"rendered":"<p>Um casal foi assassinado na madrugada desta segunda-feira (28) na cidade de Penedo, regi\u00e3o do Baixo S\u00e3o Francisco de Alagoas. A suspeita da pol\u00edcia \u00e9 que a morte dos dois tenha rela\u00e7\u00e3o com o tr\u00e1fico de drogas. &nbsp; Jeov\u00e2nio Xavier da Silva, 38 anos; e Maria Lenilda da Concei\u00e7\u00e3o, 29 anos; foram mortos por disparos &hellip;<\/p>\n","protected":false},"author":2,"featured_media":22628,"comment_status":"open","ping_status":"open","sticky":false,"template":"","format":"standard","meta":{"_jetpack_memberships_contains_paid_content":false,"footnotes":""},"categories":[1,3],"tags":[],"class_list":["post-22627","post","type-post","status-publish","format-standard","has-post-thumbnail","hentry","category-destaque","category-penedo"],"jetpack_featured_media_url":"https:\/\/www.oparanews.com.br\/wp-content\/uploads\/2022\/03\/iml-arapiraca-2.webp","jetpack_sharing_enabled":true,"_links":{"self":[{"href":"https:\/\/www.oparanews.com.br\/index.php\/wp-json\/wp\/v2\/posts\/22627","targetHints":{"allow":["GET"]}}],"collection":[{"href":"https:\/\/www.oparanews.com.br\/index.php\/wp-json\/wp\/v2\/posts"}],"about":[{"href":"https:\/\/www.oparanews.com.br\/index.php\/wp-json\/wp\/v2\/types\/post"}],"author":[{"embeddable":true,"href":"https:\/\/www.oparanews.com.br\/index.php\/wp-json\/wp\/v2\/users\/2"}],"replies":[{"embeddable":true,"href":"https:\/\/www.oparanews.com.br\/index.php\/wp-json\/wp\/v2\/comments?post=22627"}],"version-history":[{"count":1,"href":"https:\/\/www.oparanews.com.br\/index.php\/wp-json\/wp\/v2\/posts\/22627\/revisions"}],"predecessor-version":[{"id":22629,"href":"https:\/\/www.oparanews.com.br\/index.php\/wp-json\/wp\/v2\/posts\/22627\/revisions\/22629"}],"wp:featuredmedia":[{"embeddable":true,"href":"https:\/\/www.oparanews.com.br\/index.php\/wp-json\/wp\/v2\/media\/22628"}],"wp:attachment":[{"href":"https:\/\/www.oparanews.com.br\/index.php\/wp-json\/wp\/v2\/media?parent=22627"}],"wp:term":[{"taxonomy":"category","embeddable":true,"href":"https:\/\/www.oparanews.com.br\/index.php\/wp-json\/wp\/v2\/categories?post=22627"},{"taxonomy":"post_tag","embeddable":true,"href":"https:\/\/www.oparanews.com.br\/index.php\/wp-json\/wp\/v2\/tags?post=22627"}],"curies":[{"name":"wp","href":"https:\/\/api.w.org\/{rel}","templated":true}]}}