{"id":22645,"date":"2022-03-28T23:20:04","date_gmt":"2022-03-29T02:20:04","guid":{"rendered":"https:\/\/oparanews.com.br\/?p=22645"},"modified":"2022-03-28T23:20:04","modified_gmt":"2022-03-29T02:20:04","slug":"bolsonaro-indica-adriano-pires-para-presidencia-da-petrobras","status":"publish","type":"post","link":"https:\/\/www.oparanews.com.br\/index.php\/2022\/03\/28\/bolsonaro-indica-adriano-pires-para-presidencia-da-petrobras\/","title":{"rendered":"Bolsonaro indica Adriano Pires para presid\u00eancia da Petrobras"},"content":{"rendered":"<p>O presidente Jair Bolsonaro demitiu Joaquim Silva e Luna da presid\u00eancia da Petrobras. Para o seu lugar, o governo indicou o diretor do Centro Brasileiro de Infraestrutura (CBIE), Adriano Pires, segundo informa\u00e7\u00f5es divulgadas nesta segunda-feira, 28, pelo Minist\u00e9rio de Minas e Energia (MME).<\/p>\n<p>&nbsp;<\/p>\n<p>A decis\u00e3o foi tomada no mesmo dia em que o ministro da Educa\u00e7\u00e3o, Milton Ribeiro, entregou o cargo ao presidente. Ele \u00e9 investigado por suspeita de envolvimento com pastores que cobravam propina para intermediar recursos para escolas, como revelou o Estad\u00e3o.<\/p>\n<p>&nbsp;<\/p>\n<p>O mandato do atual presidente da Petrobras vai at\u00e9 mar\u00e7o de 2023, mas isso n\u00e3o impede a substitui\u00e7\u00e3o. Com a queda, Luna e Silva deve deixar de ganhar um sal\u00e1rio anual em torno de R$ 2,9 milh\u00f5es (R$ 223 mil por m\u00eas), segundo dados do Minist\u00e9rio da Economia. De acordo com as regras atuais, o presidente da estatal pode receber at\u00e9 13 sal\u00e1rios de b\u00f4nus caso todas as metas sejam atingidas.<\/p>\n<p>&nbsp;<\/p>\n<p>Para a presid\u00eancia do conselho de administra\u00e7\u00e3o da estatal, o governo Bolsonaro indicou Rodolfo Landim, que tamb\u00e9m \u00e9 presidente do Flamengo. Ele ocupar\u00e1 o lugar do almirante Eduardo Bacellar Leal Ferreira, que pediu para sair alegando raz\u00f5es pessoais. Landim \u00e9 ex-funcion\u00e1rio da Petrobras, onde trabalhou por 26 anos antes de se juntar ao antigo grupo empresarial de Eike Batista.<\/p>\n<p>&nbsp;<\/p>\n<p>A Uni\u00e3o tinha at\u00e9 a \u00faltima hora no dia 13 de abril, durante a assembleia dos acionistas, para indicar seus nomes para o conselho de administra\u00e7\u00e3o da Petrobras. Como ela \u00e9 a controladora da estatal, n\u00e3o ter\u00e1 dificuldade em conseguir o n\u00famero de votos necess\u00e1rios para eleger seus candidatos, independentemente da vontade dos acionistas minorit\u00e1rios.<\/p>\n<p>&nbsp;<\/p>\n<p>A presen\u00e7a do presidente da companhia no conselho de administra\u00e7\u00e3o \u00e9 uma obrigatoriedade prevista no estatuto social da companhia. Por isso, o substituto de Silva e Luna deve antes ser referendado pela assembleia como membro do colegiado. Ap\u00f3s receber o aval dos acionistas na assembleia, ele, automaticamente, est\u00e1 apto a assumir a presid\u00eancia da empresa.<\/p>\n<p>&nbsp;<\/p>\n<p>Bolsonaro se irritou com com Silva e Luna pelo &#8216;timing&#8217; no an\u00fancio do mega-aumento dos combust\u00edveis neste m\u00eas. A Petrobras pratica a chamada paridade de pre\u00e7os, ou seja, paga pelo produto o pre\u00e7o cobrado no mercado internacional e, por isso, repassa eventuais altas para refinarias, o que leva ao aumento de pre\u00e7os para o consumidor final.<\/p>\n<p>&nbsp;<\/p>\n<p>Na quinta-feira, 10, diante do aumento na cota\u00e7\u00e3o do petr\u00f3leo no mercado internacional, reflexo da guerra na Ucr\u00e2nia, a Petrobras anunciou reajuste de 18,8% para a gasolina e de 24,9% para o diesel.<\/p>\n<p>&nbsp;<\/p>\n<p>No dia seguinte, o Congresso aprovou e Bolsonaro sancionou um projeto que faz altera\u00e7\u00f5es na tributa\u00e7\u00e3o sobre os combust\u00edveis para tentar aliviar a alta de pre\u00e7os. Para Bolsonaro, o impacto da aprova\u00e7\u00e3o do projeto foi &#8220;mitigado&#8221; porque a Petrobras fez o an\u00fancio do mega-aumento antes.<\/p>\n<p>&nbsp;<\/p>\n<p>&#8220;Olha s\u00f3, eu tenho uma pol\u00edtica de n\u00e3o interferir. Sabemos das obriga\u00e7\u00f5es legais da Petrobras e, para mim, particularmente falando, \u00e9 um lucro absurdo que a Petrobras tem num momento at\u00edpico no mundo. Ent\u00e3o, n\u00e3o \u00e9 uma quest\u00e3o apenas interna nossa&#8221;, disse Bolsonaro, no s\u00e1bado. &#8220;Ent\u00e3o, falar que eu estou satisfeito com o reajuste? N\u00e3o estou satisfeito com o reajuste, mas n\u00e3o vou interferir no mercado&#8221;, completou o presidente.<\/p>\n<p>&nbsp;<\/p>\n<p>Se confirmada, esta ser\u00e1 a segunda vez que Bolsonaro muda o comando da Petrobras. Em fevereiro do ano passado, o presidente demitiu Roberto Castello Branco, tamb\u00e9m em um momento em que o pre\u00e7o dos combust\u00edveis impactava sua popularidade.<\/p>\n<p>&nbsp;<\/p>\n<p>&nbsp;<\/p>\n<p>por Denise Luna &#8211; Terra<\/p>\n","protected":false},"excerpt":{"rendered":"<p>O presidente Jair Bolsonaro demitiu Joaquim Silva e Luna da presid\u00eancia da Petrobras. Para o seu lugar, o governo indicou o diretor do Centro Brasileiro de Infraestrutura (CBIE), Adriano Pires, segundo informa\u00e7\u00f5es divulgadas nesta segunda-feira, 28, pelo Minist\u00e9rio de Minas e Energia (MME). &nbsp; A decis\u00e3o foi tomada no mesmo dia em que o ministro &hellip;<\/p>\n","protected":false},"author":2,"featured_media":22646,"comment_status":"open","ping_status":"open","sticky":false,"template":"","format":"standard","meta":{"_jetpack_memberships_contains_paid_content":false,"footnotes":""},"categories":[5],"tags":[],"class_list":["post-22645","post","type-post","status-publish","format-standard","has-post-thumbnail","hentry","category-brasil-mundo"],"jetpack_featured_media_url":"https:\/\/www.oparanews.com.br\/wp-content\/uploads\/2022\/03\/adrian-qdssmd50c7z6.webp","jetpack_sharing_enabled":true,"_links":{"self":[{"href":"https:\/\/www.oparanews.com.br\/index.php\/wp-json\/wp\/v2\/posts\/22645","targetHints":{"allow":["GET"]}}],"collection":[{"href":"https:\/\/www.oparanews.com.br\/index.php\/wp-json\/wp\/v2\/posts"}],"about":[{"href":"https:\/\/www.oparanews.com.br\/index.php\/wp-json\/wp\/v2\/types\/post"}],"author":[{"embeddable":true,"href":"https:\/\/www.oparanews.com.br\/index.php\/wp-json\/wp\/v2\/users\/2"}],"replies":[{"embeddable":true,"href":"https:\/\/www.oparanews.com.br\/index.php\/wp-json\/wp\/v2\/comments?post=22645"}],"version-history":[{"count":1,"href":"https:\/\/www.oparanews.com.br\/index.php\/wp-json\/wp\/v2\/posts\/22645\/revisions"}],"predecessor-version":[{"id":22647,"href":"https:\/\/www.oparanews.com.br\/index.php\/wp-json\/wp\/v2\/posts\/22645\/revisions\/22647"}],"wp:featuredmedia":[{"embeddable":true,"href":"https:\/\/www.oparanews.com.br\/index.php\/wp-json\/wp\/v2\/media\/22646"}],"wp:attachment":[{"href":"https:\/\/www.oparanews.com.br\/index.php\/wp-json\/wp\/v2\/media?parent=22645"}],"wp:term":[{"taxonomy":"category","embeddable":true,"href":"https:\/\/www.oparanews.com.br\/index.php\/wp-json\/wp\/v2\/categories?post=22645"},{"taxonomy":"post_tag","embeddable":true,"href":"https:\/\/www.oparanews.com.br\/index.php\/wp-json\/wp\/v2\/tags?post=22645"}],"curies":[{"name":"wp","href":"https:\/\/api.w.org\/{rel}","templated":true}]}}