{"id":22666,"date":"2022-03-29T17:32:33","date_gmt":"2022-03-29T20:32:33","guid":{"rendered":"https:\/\/oparanews.com.br\/?p=22666"},"modified":"2022-03-29T17:32:33","modified_gmt":"2022-03-29T20:32:33","slug":"mulher-com-deficiencia-visual-denuncia-ter-sido-vitima-de-abuso-sexual","status":"publish","type":"post","link":"https:\/\/www.oparanews.com.br\/index.php\/2022\/03\/29\/mulher-com-deficiencia-visual-denuncia-ter-sido-vitima-de-abuso-sexual\/","title":{"rendered":"Mulher com defici\u00eancia visual denuncia ter sido v\u00edtima de abuso sexual"},"content":{"rendered":"<p>Uma mulher com defici\u00eancia visual procurou agentes do programa Ronda no Bairro na manh\u00e3 desta ter\u00e7a-feira, 29, para denunciar um suposto caso de abuso sexual cometido por dois conhecidos dela no \u00faltimo domingo, 27, no bairro do Benedito Bentes, na parte alta de Macei\u00f3.<\/p>\n<p>&nbsp;<\/p>\n<p>Segundo informa\u00e7\u00e3o da assessoria do programa, ap\u00f3s conversa com os psic\u00f3logos e assistentes sociais do Ronda no Bairro, a v\u00edtima informou que estava na companhia dos dois homens e, ap\u00f3s consumirem bebida alco\u00f3lica, ela perdeu a consci\u00eancia e foi levada para um motel.<\/p>\n<p>&nbsp;<\/p>\n<p>A mulher expressou o desejo de denunciar os supostos abusadores, fazer exame de corpo de delito e buscar comprova\u00e7\u00f5es de tal ocorr\u00eancia. No momento, ela foi encaminhada pelas equipes do Ronda para o N\u00facleo de Atendimento \u00e0 Mulher V\u00edtima de Viol\u00eancia (NAMVV) da Casa de Direito, onde est\u00e1 recebendo assist\u00eancia e tomando as devidas provid\u00eancias.<\/p>\n<p>&nbsp;<\/p>\n<p>&nbsp;<\/p>\n<p><strong>Fonte: com assessoria Ronda do Bairro<\/strong><\/p>\n","protected":false},"excerpt":{"rendered":"<p>Uma mulher com defici\u00eancia visual procurou agentes do programa Ronda no Bairro na manh\u00e3 desta ter\u00e7a-feira, 29, para denunciar um suposto caso de abuso sexual cometido por dois conhecidos dela no \u00faltimo domingo, 27, no bairro do Benedito Bentes, na parte alta de Macei\u00f3. &nbsp; Segundo informa\u00e7\u00e3o da assessoria do programa, ap\u00f3s conversa com os &hellip;<\/p>\n","protected":false},"author":2,"featured_media":22667,"comment_status":"open","ping_status":"open","sticky":false,"template":"","format":"standard","meta":{"_jetpack_memberships_contains_paid_content":false,"footnotes":""},"categories":[4],"tags":[],"class_list":["post-22666","post","type-post","status-publish","format-standard","has-post-thumbnail","hentry","category-alagoas"],"jetpack_featured_media_url":"https:\/\/www.oparanews.com.br\/wp-content\/uploads\/2022\/03\/csm_Mulher__abuso_sexual__Benedito_Bentes_-_Foto_Ronda_no_Bairro_2878a6bb9a.jpeg","jetpack_sharing_enabled":true,"_links":{"self":[{"href":"https:\/\/www.oparanews.com.br\/index.php\/wp-json\/wp\/v2\/posts\/22666","targetHints":{"allow":["GET"]}}],"collection":[{"href":"https:\/\/www.oparanews.com.br\/index.php\/wp-json\/wp\/v2\/posts"}],"about":[{"href":"https:\/\/www.oparanews.com.br\/index.php\/wp-json\/wp\/v2\/types\/post"}],"author":[{"embeddable":true,"href":"https:\/\/www.oparanews.com.br\/index.php\/wp-json\/wp\/v2\/users\/2"}],"replies":[{"embeddable":true,"href":"https:\/\/www.oparanews.com.br\/index.php\/wp-json\/wp\/v2\/comments?post=22666"}],"version-history":[{"count":1,"href":"https:\/\/www.oparanews.com.br\/index.php\/wp-json\/wp\/v2\/posts\/22666\/revisions"}],"predecessor-version":[{"id":22668,"href":"https:\/\/www.oparanews.com.br\/index.php\/wp-json\/wp\/v2\/posts\/22666\/revisions\/22668"}],"wp:featuredmedia":[{"embeddable":true,"href":"https:\/\/www.oparanews.com.br\/index.php\/wp-json\/wp\/v2\/media\/22667"}],"wp:attachment":[{"href":"https:\/\/www.oparanews.com.br\/index.php\/wp-json\/wp\/v2\/media?parent=22666"}],"wp:term":[{"taxonomy":"category","embeddable":true,"href":"https:\/\/www.oparanews.com.br\/index.php\/wp-json\/wp\/v2\/categories?post=22666"},{"taxonomy":"post_tag","embeddable":true,"href":"https:\/\/www.oparanews.com.br\/index.php\/wp-json\/wp\/v2\/tags?post=22666"}],"curies":[{"name":"wp","href":"https:\/\/api.w.org\/{rel}","templated":true}]}}