{"id":22675,"date":"2022-03-30T07:33:09","date_gmt":"2022-03-30T10:33:09","guid":{"rendered":"https:\/\/oparanews.com.br\/?p=22675"},"modified":"2022-03-30T07:33:09","modified_gmt":"2022-03-30T10:33:09","slug":"subsecoes-de-penedo-e-sao-miguel-dos-campos-recebem-a-caravana-das-advogadas","status":"publish","type":"post","link":"https:\/\/www.oparanews.com.br\/index.php\/2022\/03\/30\/subsecoes-de-penedo-e-sao-miguel-dos-campos-recebem-a-caravana-das-advogadas\/","title":{"rendered":"Subse\u00e7\u00f5es de Penedo e S\u00e3o Miguel dos Campos recebem a Caravana das Advogadas"},"content":{"rendered":"<p>A Caravana das Advogadas, promovida pela Ordem dos Advogados do Brasil Secional Alagoas (OAB Alagoas) em comemora\u00e7\u00e3o ao Dia Internacional da Mulher, comemorado no dia oito e celebrado durante todo o m\u00eas de mar\u00e7o, esteve, nesta ter\u00e7a-feira (29) nas Subse\u00e7\u00f5es de Penedo e S\u00e3o Miguel dos Campos. A iniciativa tem como objetivo estreitar os la\u00e7os entre a Secional e as Subse\u00e7\u00f5es e levantar as demandas de cada unidade da OAB no interior.<\/p>\n<p>&nbsp;<\/p>\n<p>A programa\u00e7\u00e3o come\u00e7ou pela hist\u00f3rica Penedo, onde as integrantes da Caravana foram recebidas pela presidente Luciana Alves Costa, pela tesoureira Graziela Feitosa, e pela advogada Eliana Fagundes, integrante da Comiss\u00e3o da Mulher Advogada da Subse\u00e7\u00e3o de Penedo.<\/p>\n<p>&nbsp;<\/p>\n<p>\u201cMostramos algumas dificuldades que as subse\u00e7\u00f5es passam no dia a dia, devido \u00e0 dist\u00e2ncia da capital, e levantamos alguns espa\u00e7os que precisam de reforma na sede, como a amplia\u00e7\u00e3o do audit\u00f3rio, que \u00e9 necess\u00e1rio devido ao pr\u00e9dio estar se tornando pequeno para o n\u00famero de advogados inscritos na Subse\u00e7\u00e3o\u201d, contou a Luciana Costa. Ap\u00f3s a visita \u00e0 sede local, houve almo\u00e7o de confraterniza\u00e7\u00e3o.<\/p>\n<p>&nbsp;<\/p>\n<p>Para a presidente da Subse\u00e7\u00e3o de S\u00e3o Miguel dos Campos, Tassia Silva, a Caravana das Advogadas significa a interioriza\u00e7\u00e3o real da OAB Alagoas. \u201c\u00c9 uma preocupa\u00e7\u00e3o desta gest\u00e3o expandir tudo que a OAB Alagoas tem para as subse\u00e7\u00f5es. Significa tamb\u00e9m um olhar atento para os problemas da advocacia de cada regi\u00e3o do estado\u201d, destacou.<\/p>\n<p>&nbsp;<\/p>\n<p>\u201cConhecemos as sedes das Subse\u00e7\u00f5es e vimos as necessidades de cada uma, conversamos sobre pautas femininas e sobre os cursos que podem ser oferecidos. S\u00e3o em encontros como esses que n\u00f3s conseguimos de fato atender as demandas que cada subse\u00e7\u00e3o precisa. Assim vamos conseguir desenvolver um bom trabalho no estado todo, levando para a advocacia e para a sociedade o que elas realmente precisam\u201d, acrescentou Cristiane L\u00facio, presidente da Comiss\u00e3o Especial da Mulher da OAB Alagoas. Al\u00e9m de Penedo e S\u00e3o Miguel dos Campos, a Caravana j\u00e1 passou por Arapiraca, Palmeira dos \u00cdndios, Delmiro Gouveia e Santana do Ipanema.<\/p>\n<p>&nbsp;<\/p>\n<p>&nbsp;<\/p>\n<p><strong>Fonte: Assessoria OAB<\/strong><\/p>\n","protected":false},"excerpt":{"rendered":"<p>A Caravana das Advogadas, promovida pela Ordem dos Advogados do Brasil Secional Alagoas (OAB Alagoas) em comemora\u00e7\u00e3o ao Dia Internacional da Mulher, comemorado no dia oito e celebrado durante todo o m\u00eas de mar\u00e7o, esteve, nesta ter\u00e7a-feira (29) nas Subse\u00e7\u00f5es de Penedo e S\u00e3o Miguel dos Campos. A iniciativa tem como objetivo estreitar os la\u00e7os &hellip;<\/p>\n","protected":false},"author":2,"featured_media":22676,"comment_status":"open","ping_status":"open","sticky":false,"template":"","format":"standard","meta":{"_jetpack_memberships_contains_paid_content":false,"footnotes":""},"categories":[1,3],"tags":[],"class_list":["post-22675","post","type-post","status-publish","format-standard","has-post-thumbnail","hentry","category-destaque","category-penedo"],"jetpack_featured_media_url":"https:\/\/www.oparanews.com.br\/wp-content\/uploads\/2022\/03\/IMG-20220329-WA0073.jpg","jetpack_sharing_enabled":true,"_links":{"self":[{"href":"https:\/\/www.oparanews.com.br\/index.php\/wp-json\/wp\/v2\/posts\/22675","targetHints":{"allow":["GET"]}}],"collection":[{"href":"https:\/\/www.oparanews.com.br\/index.php\/wp-json\/wp\/v2\/posts"}],"about":[{"href":"https:\/\/www.oparanews.com.br\/index.php\/wp-json\/wp\/v2\/types\/post"}],"author":[{"embeddable":true,"href":"https:\/\/www.oparanews.com.br\/index.php\/wp-json\/wp\/v2\/users\/2"}],"replies":[{"embeddable":true,"href":"https:\/\/www.oparanews.com.br\/index.php\/wp-json\/wp\/v2\/comments?post=22675"}],"version-history":[{"count":1,"href":"https:\/\/www.oparanews.com.br\/index.php\/wp-json\/wp\/v2\/posts\/22675\/revisions"}],"predecessor-version":[{"id":22677,"href":"https:\/\/www.oparanews.com.br\/index.php\/wp-json\/wp\/v2\/posts\/22675\/revisions\/22677"}],"wp:featuredmedia":[{"embeddable":true,"href":"https:\/\/www.oparanews.com.br\/index.php\/wp-json\/wp\/v2\/media\/22676"}],"wp:attachment":[{"href":"https:\/\/www.oparanews.com.br\/index.php\/wp-json\/wp\/v2\/media?parent=22675"}],"wp:term":[{"taxonomy":"category","embeddable":true,"href":"https:\/\/www.oparanews.com.br\/index.php\/wp-json\/wp\/v2\/categories?post=22675"},{"taxonomy":"post_tag","embeddable":true,"href":"https:\/\/www.oparanews.com.br\/index.php\/wp-json\/wp\/v2\/tags?post=22675"}],"curies":[{"name":"wp","href":"https:\/\/api.w.org\/{rel}","templated":true}]}}