{"id":22687,"date":"2022-03-30T16:43:31","date_gmt":"2022-03-30T19:43:31","guid":{"rendered":"https:\/\/oparanews.com.br\/?p=22687"},"modified":"2022-03-30T16:43:31","modified_gmt":"2022-03-30T19:43:31","slug":"vacinacao-contra-covid-em-penedo-sera-feita-em-um-ponto-fixo-e-nos-postos-de-saude","status":"publish","type":"post","link":"https:\/\/www.oparanews.com.br\/index.php\/2022\/03\/30\/vacinacao-contra-covid-em-penedo-sera-feita-em-um-ponto-fixo-e-nos-postos-de-saude\/","title":{"rendered":"Vacina\u00e7\u00e3o contra Covid em Penedo ser\u00e1 feita em um ponto fixo e nos postos de sa\u00fade"},"content":{"rendered":"<p>A campanha de vacina\u00e7\u00e3o contra Covid-19 desenvolvida pela Prefeitura de Penedo avan\u00e7a para uma nova fase de assist\u00eancia \u00e0 popula\u00e7\u00e3o.<\/p>\n<p>&nbsp;<\/p>\n<p>O trabalho executado pela Secretaria Municipal de Sa\u00fade (SEMS) a partir do pr\u00f3ximo m\u00eas de abril estabelece como ponto fixo \u00fanico o Theatro Sete de Setembro, localizado no Centro Hist\u00f3rico de Penedo.<\/p>\n<p>&nbsp;<\/p>\n<p>A vacina estar\u00e1 dispon\u00edvel no teatro de segunda a s\u00e1bado, a partir das 7 horas, encerrado \u00e0s 17 horas nos dias \u00fateis, sem intervalo para almo\u00e7o. No s\u00e1bado, encerra \u00e0s 13 horas.<\/p>\n<p>&nbsp;<\/p>\n<p>A nova fase da campanha desativar\u00e1 a Central de Vacina contra Covid instalada no gin\u00e1sio da Escola Ernani M\u00e9ro no pr\u00f3ximo s\u00e1bado, 02.<\/p>\n<p>&nbsp;<\/p>\n<p>Outra medida \u00e9 a oferta do imunizante que salva vidas nos postos de sa\u00fade, em data espec\u00edfica para cada local, com o seguinte calend\u00e1rio;<\/p>\n<p>&nbsp;<\/p>\n<p>DIA 04 DE ABRIL \u2013 CONJUNTO ROSETE ANDRADE<\/p>\n<p>DIA 05 DE ABRIL \u2013 BAIRRO VIT\u00d3RIA<\/p>\n<p>DIA 06 DE ABRIL \u2013 POVOADO PALMEIRA ALTA<\/p>\n<p>DIA 07 DE ABRIL \u2013 POSTO VILA MATIAS, DAS SETE \u00c0S ONZE E MEIA, E POSTO DA COHAB, DAS 13H30 AT\u00c9 17 HORAS<\/p>\n<p>DIA 08 DE ABRIL \u2013 POSTO DO GABRIEL CINCO, LOCALIZADO NA RUA SANTA TEREZINHA, BARRO DURO, DAS SETE \u00c0S ONZE E MEIA, E NO POSTO DE SA\u00daDE DO GABRIEL O4, SEDE DA UNIDADE, DAS 13H30 \u00c0S 17 HORAS<\/p>\n<p>DIA 13 DE ABRIL \u2013 POSTO DE SA\u00daDE DO POVOADO SANTA MARGARIDA<\/p>\n<p>DIA 14 DE ABRIL \u2013 POSTO DE SA\u00daDE DR JAIRO LEITE<\/p>\n<p>DIA 18 DE ABRIL \u2013 POSTO DA COOPERATIVA 1\u00ba N\u00daCLEO, DAS SETE \u00c0S ONZE E MEIA, E NO PER\u00cdODO DA TARDE NO POSTO DE SA\u00daDE DO BAIRRO SANTO ANT\u00d4NIO<\/p>\n<p>DIA 19 \u2013 ANEXO DO POSTO DE SA\u00daDE DO SESI, NO BAIRRO SANTA ISABEL<\/p>\n<p>DIA 20 \u2013 POSTO DE SA\u00daDE DO TABULEIRO DOS NEGROS<\/p>\n<p>DIA 25 \u2013 POSTO DE SA\u00daDE JOS\u00c9 EDILENO<\/p>\n<p>DIA 26 \u2013 POSTO DE SA\u00daDE S\u00c3O JOS\u00c9<\/p>\n<p>DIA 27 \u2013 POSTO DE SA\u00daDE POVOADO CAPELA<\/p>\n<p>DIA 28 \u2013 POSTO DE SA\u00daDE POVOADO PONTA MOFINA<\/p>\n<p>&nbsp;<\/p>\n<p>&nbsp;<\/p>\n<p><strong>Fonte: Decom PMP<\/strong><\/p>\n<p>&nbsp;<\/p>\n","protected":false},"excerpt":{"rendered":"<p>A campanha de vacina\u00e7\u00e3o contra Covid-19 desenvolvida pela Prefeitura de Penedo avan\u00e7a para uma nova fase de assist\u00eancia \u00e0 popula\u00e7\u00e3o. &nbsp; O trabalho executado pela Secretaria Municipal de Sa\u00fade (SEMS) a partir do pr\u00f3ximo m\u00eas de abril estabelece como ponto fixo \u00fanico o Theatro Sete de Setembro, localizado no Centro Hist\u00f3rico de Penedo. &nbsp; A &hellip;<\/p>\n","protected":false},"author":2,"featured_media":22688,"comment_status":"open","ping_status":"open","sticky":false,"template":"","format":"standard","meta":{"_jetpack_memberships_contains_paid_content":false,"footnotes":""},"categories":[1,3],"tags":[],"class_list":["post-22687","post","type-post","status-publish","format-standard","has-post-thumbnail","hentry","category-destaque","category-penedo"],"jetpack_featured_media_url":"https:\/\/www.oparanews.com.br\/wp-content\/uploads\/2022\/03\/vacina-contra-covid-19-penedo-foto-deywesson-duarte-1.jpg","jetpack_sharing_enabled":true,"_links":{"self":[{"href":"https:\/\/www.oparanews.com.br\/index.php\/wp-json\/wp\/v2\/posts\/22687","targetHints":{"allow":["GET"]}}],"collection":[{"href":"https:\/\/www.oparanews.com.br\/index.php\/wp-json\/wp\/v2\/posts"}],"about":[{"href":"https:\/\/www.oparanews.com.br\/index.php\/wp-json\/wp\/v2\/types\/post"}],"author":[{"embeddable":true,"href":"https:\/\/www.oparanews.com.br\/index.php\/wp-json\/wp\/v2\/users\/2"}],"replies":[{"embeddable":true,"href":"https:\/\/www.oparanews.com.br\/index.php\/wp-json\/wp\/v2\/comments?post=22687"}],"version-history":[{"count":1,"href":"https:\/\/www.oparanews.com.br\/index.php\/wp-json\/wp\/v2\/posts\/22687\/revisions"}],"predecessor-version":[{"id":22689,"href":"https:\/\/www.oparanews.com.br\/index.php\/wp-json\/wp\/v2\/posts\/22687\/revisions\/22689"}],"wp:featuredmedia":[{"embeddable":true,"href":"https:\/\/www.oparanews.com.br\/index.php\/wp-json\/wp\/v2\/media\/22688"}],"wp:attachment":[{"href":"https:\/\/www.oparanews.com.br\/index.php\/wp-json\/wp\/v2\/media?parent=22687"}],"wp:term":[{"taxonomy":"category","embeddable":true,"href":"https:\/\/www.oparanews.com.br\/index.php\/wp-json\/wp\/v2\/categories?post=22687"},{"taxonomy":"post_tag","embeddable":true,"href":"https:\/\/www.oparanews.com.br\/index.php\/wp-json\/wp\/v2\/tags?post=22687"}],"curies":[{"name":"wp","href":"https:\/\/api.w.org\/{rel}","templated":true}]}}