{"id":22705,"date":"2022-03-31T16:46:42","date_gmt":"2022-03-31T19:46:42","guid":{"rendered":"https:\/\/oparanews.com.br\/?p=22705"},"modified":"2022-03-31T16:46:42","modified_gmt":"2022-03-31T19:46:42","slug":"primeiro-bairro-de-penedo-comemora-sua-cultura-no-festival-das-aguas","status":"publish","type":"post","link":"https:\/\/www.oparanews.com.br\/index.php\/2022\/03\/31\/primeiro-bairro-de-penedo-comemora-sua-cultura-no-festival-das-aguas\/","title":{"rendered":"Primeiro bairro de Penedo comemora sua cultura no Festival das \u00c1guas"},"content":{"rendered":"<p>Penedo s\u00f3 existe por causa do Rio S\u00e3o Francisco. E gra\u00e7as ao seu porto natural de localiza\u00e7\u00e3o privilegiada, a estrat\u00e9gica vila colonial se consolidou no recanto onde surgiu o primeiro bairro penedense, o Santo Ant\u00f4nio.<\/p>\n<p>&nbsp;<\/p>\n<p>A localidade mais conhecida como Barro Vermelho celebrou suas tradi\u00e7\u00f5es no Festival das \u00c1guas, trabalho da Secretaria Municipal de Desenvolvimento Social (SEMDSH) da Prefeitura de Penedo que tamb\u00e9m destaca a import\u00e2ncia do \u2018Velho Chico\u2019.<\/p>\n<p>&nbsp;<\/p>\n<p>Com a presen\u00e7a de estudantes da Escola Municipal Douglas Apratto Ten\u00f3rio e pessoas da comunidade, o evento foi aberto fazendo refer\u00eancia a Jos\u00e9 Ant\u00f4nio da Silva, 59 anos, morador do bairro que faleceu nesta quarta, 30, horas antes do evento.<\/p>\n<p>&nbsp;<\/p>\n<p>A programa\u00e7\u00e3o prosseguiu com a primeira participa\u00e7\u00e3o do N\u00facleo de Cidadania dos Adolescentes (NUCA). Em seguida, integrantes do Crian\u00e7a Feliz (programa que atende mais de 400 meninos e meninas de 0 a 3 anos em Penedo) destacaram o uso consciente da \u00e1gua com teatro de fantoches.<\/p>\n<p>&nbsp;<\/p>\n<p>A pe\u00e7a e tudo que foi levado ao p\u00fablico tinha tradu\u00e7\u00e3o simult\u00e2nea por int\u00e9rpretes de Libras, pessoal qualificado que o governo Ronaldo Lopes coloca junto com os professores, nas salas das escolas, para atender estudantes que necessitam desse tipo de apoio.<\/p>\n<p>&nbsp;<\/p>\n<p>Do p\u00fablico infantil aos adultos, o Festival das \u00c1guas abriu espa\u00e7o para as mulheres assistidas no CRAS Santo Ant\u00f4nio. O grupo dan\u00e7ou com a mesma energia que demonstra nas manh\u00e3s de ter\u00e7a \u00e0 sexta, dias das atividades recreativas e de exerc\u00edcios f\u00edsicos que realizam ali mesmo, na nova orla do Barro Vermelho.<\/p>\n<p>&nbsp;<\/p>\n<p>A inclus\u00e3o no servi\u00e7o de assist\u00eancia da SEMDSH \u00e9 aberta a qualquer pessoa com perfil de baixa renda. Basta apresentar c\u00f3pia do CPF, RG, comprovante de resid\u00eancia e NIS, documento que viabiliza acesso a benef\u00edcios e programas.<\/p>\n<p>&nbsp;<\/p>\n<p>Uma pausa na divers\u00e3o veio com o alerta da professora Karlinne Cordeiro. Ela enalteceu o valor das rela\u00e7\u00f5es entre popula\u00e7\u00e3o\/rio e a import\u00e2ncia de preservar costumes, de manter viva a heran\u00e7a cultural da comunidade ribeirinha tamb\u00e9m representada por Tadeu e Seus Bonecos, artista pl\u00e1stico e carnavalesco, e a produtora da Folia na 15, Linair Feitosa, festa que resgata o frevo de rua no bairro.<\/p>\n<p>&nbsp;<\/p>\n<p>La\u00e7os que unem gera\u00e7\u00f5es do Barro Vermelho entraram em cena novamente com os Milion\u00e1rios do Samba. Adultos e crian\u00e7as cantando can\u00e7\u00f5es, tocando instrumentos, acompanhados por passistas e f\u00e3s no ritmo da batucada fundada em 1945, mantida desde ent\u00e3o por filhos e netos dos fundadores.<\/p>\n<p>&nbsp;<\/p>\n<p>Parte da hist\u00f3ria da batucada e da forma\u00e7\u00e3o do bairro Santo Ant\u00f4nio foi contada por F\u00e1bio Zacarias Santos. Natural da comunidade e turism\u00f3logo formado pela Ufal, em Penedo, ele trabalha na SEMDSH e est\u00e1 aprofundando sua pesquisa sobre os mal\u00eas, africanos de religi\u00e3o mu\u00e7ulmana que viveram no Barro Vermelho.<\/p>\n<p>&nbsp;<\/p>\n<p>Da heran\u00e7a afro, a programa\u00e7\u00e3o do Festival das \u00c1guas trouxe o grupo de Capoeira Mandingueiros de Penedo, que encerrou a programa\u00e7\u00e3o que ofertou ainda atendimento de servi\u00e7os da SEMDSH, sorteio de brindes, lanche e brincadeiras para as crian\u00e7as.<\/p>\n<p>&nbsp;<\/p>\n<p>&nbsp;<\/p>\n<p><strong>por Fernando Vin\u00edcius &#8211; Decom PMP<\/strong><\/p>\n<p>&nbsp;<\/p>\n","protected":false},"excerpt":{"rendered":"<p>Penedo s\u00f3 existe por causa do Rio S\u00e3o Francisco. E gra\u00e7as ao seu porto natural de localiza\u00e7\u00e3o privilegiada, a estrat\u00e9gica vila colonial se consolidou no recanto onde surgiu o primeiro bairro penedense, o Santo Ant\u00f4nio. &nbsp; A localidade mais conhecida como Barro Vermelho celebrou suas tradi\u00e7\u00f5es no Festival das \u00c1guas, trabalho da Secretaria Municipal de &hellip;<\/p>\n","protected":false},"author":2,"featured_media":22706,"comment_status":"open","ping_status":"open","sticky":false,"template":"","format":"standard","meta":{"_jetpack_memberships_contains_paid_content":false,"footnotes":""},"categories":[1,3],"tags":[],"class_list":["post-22705","post","type-post","status-publish","format-standard","has-post-thumbnail","hentry","category-destaque","category-penedo"],"jetpack_featured_media_url":"https:\/\/www.oparanews.com.br\/wp-content\/uploads\/2022\/03\/penedo-barro-vermelho-fot-samuel-alves-32-1068x712-1.jpeg","jetpack_sharing_enabled":true,"_links":{"self":[{"href":"https:\/\/www.oparanews.com.br\/index.php\/wp-json\/wp\/v2\/posts\/22705","targetHints":{"allow":["GET"]}}],"collection":[{"href":"https:\/\/www.oparanews.com.br\/index.php\/wp-json\/wp\/v2\/posts"}],"about":[{"href":"https:\/\/www.oparanews.com.br\/index.php\/wp-json\/wp\/v2\/types\/post"}],"author":[{"embeddable":true,"href":"https:\/\/www.oparanews.com.br\/index.php\/wp-json\/wp\/v2\/users\/2"}],"replies":[{"embeddable":true,"href":"https:\/\/www.oparanews.com.br\/index.php\/wp-json\/wp\/v2\/comments?post=22705"}],"version-history":[{"count":1,"href":"https:\/\/www.oparanews.com.br\/index.php\/wp-json\/wp\/v2\/posts\/22705\/revisions"}],"predecessor-version":[{"id":22707,"href":"https:\/\/www.oparanews.com.br\/index.php\/wp-json\/wp\/v2\/posts\/22705\/revisions\/22707"}],"wp:featuredmedia":[{"embeddable":true,"href":"https:\/\/www.oparanews.com.br\/index.php\/wp-json\/wp\/v2\/media\/22706"}],"wp:attachment":[{"href":"https:\/\/www.oparanews.com.br\/index.php\/wp-json\/wp\/v2\/media?parent=22705"}],"wp:term":[{"taxonomy":"category","embeddable":true,"href":"https:\/\/www.oparanews.com.br\/index.php\/wp-json\/wp\/v2\/categories?post=22705"},{"taxonomy":"post_tag","embeddable":true,"href":"https:\/\/www.oparanews.com.br\/index.php\/wp-json\/wp\/v2\/tags?post=22705"}],"curies":[{"name":"wp","href":"https:\/\/api.w.org\/{rel}","templated":true}]}}