{"id":22720,"date":"2022-03-31T22:44:00","date_gmt":"2022-04-01T01:44:00","guid":{"rendered":"https:\/\/oparanews.com.br\/?p=22720"},"modified":"2022-03-31T22:44:00","modified_gmt":"2022-04-01T01:44:00","slug":"ex-bbb-rodrigo-mussi-sofre-acidente-de-carro-e-esta-em-estado-grave","status":"publish","type":"post","link":"https:\/\/www.oparanews.com.br\/index.php\/2022\/03\/31\/ex-bbb-rodrigo-mussi-sofre-acidente-de-carro-e-esta-em-estado-grave\/","title":{"rendered":"Ex-BBB Rodrigo Mussi sofre acidente de carro e est\u00e1 em estado grave"},"content":{"rendered":"<p>O ex-BBB Rodrigo Mussi, de 36 anos de idade, do BBB22, sofreu um acidente de carro, nesta quinta-feira (31), em S\u00e3o Paulo, e est\u00e1 internado. A informa\u00e7\u00e3o foi confirmada pela assessoria do ex-brother, que n\u00e3o deu mais detalhes do estado de sa\u00fade dele.<\/p>\n<p>&nbsp;<\/p>\n<p>Ainda segundo a assessoria, Rodrigo estava no banco de tr\u00e1s do passageiro e, por n\u00e3o estar usando cinto de seguran\u00e7a, foi arremessado para a parte da frente do ve\u00edculo. A informa\u00e7\u00e3o tamb\u00e9m foi confirmada pelo motorista de aplicativo que levava Rodrigo, em entrevista exibida no Bom Dia S\u00e3o Paulo.<\/p>\n<p>&nbsp;<\/p>\n<p>A equipe de Rodrigo tamb\u00e9m falou sobre o acidente no Twitter oficial do ex-brother. &#8220;Oi, ninjas, infelizmente o Rodrigo sofreu um acidente e aguardamos mais informa\u00e7\u00f5es sobre o estado dele.&#8221;<\/p>\n<p>&nbsp;<\/p>\n<p>A QUEM tentou contato com o Hospital das Cl\u00ednicas, onde Rodrigo est\u00e1 internado, mas n\u00e3o obteve maiores detalhes. &#8220;O Hospital das Cl\u00ednicas da Faculdade de Medicina da USP n\u00e3o tem autoriza\u00e7\u00e3o para divulgar o estado de sa\u00fade do paciente solicitado.&#8221;<\/p>\n<p>&nbsp;<\/p>\n<p>A equipe de Rodrigo tamb\u00e9m divulgou um comunicado pedindo ora\u00e7\u00f5es pela recupera\u00e7\u00e3o dele. &#8220;Atrav\u00e9s deste viemos informar que o nosso assessorado Rodrigo Mussi foi v\u00edtima de um acidente de carro nesta \u00faltima madrugada e encontra-se hospitalizado no Hospital das Clinicas de S\u00e3o Paulo. Em breve divulgaremos maiores informa\u00e7\u00f5es sobre o estado de sa\u00fade dele. Desde j\u00e1 pedimos a todos ora\u00e7\u00f5es e boas vibra\u00e7\u00f5es para que ele tenha uma excelente recupera\u00e7\u00e3o!&#8221;.<\/p>\n<p>&nbsp;<\/p>\n<p>Ex-participante do BBB22, Rodrigo foi o segundo eliminado da edi\u00e7\u00e3o, no come\u00e7o de fevereiro, com 48,45% dos votos.<\/p>\n<p>&nbsp;<\/p>\n<p>Durante o BBB22, Rodrigo contou que sempre teve uma rela\u00e7\u00e3o conturbada com a fam\u00edlia, e que tanto a m\u00e3e como o pai o expulsaram de casa. O drama familiar do ex-brother foi ainda mais dram\u00e1tico quando, depois de fazer as pazes com o pai, o viu sofrer um acidente de carro e morrer em seus bra\u00e7os.<\/p>\n<p>&nbsp;<\/p>\n<p>&nbsp;<\/p>\n<p><strong>Fonte: Quem<\/strong><\/p>\n","protected":false},"excerpt":{"rendered":"<p>O ex-BBB Rodrigo Mussi, de 36 anos de idade, do BBB22, sofreu um acidente de carro, nesta quinta-feira (31), em S\u00e3o Paulo, e est\u00e1 internado. A informa\u00e7\u00e3o foi confirmada pela assessoria do ex-brother, que n\u00e3o deu mais detalhes do estado de sa\u00fade dele. &nbsp; Ainda segundo a assessoria, Rodrigo estava no banco de tr\u00e1s do &hellip;<\/p>\n","protected":false},"author":2,"featured_media":22721,"comment_status":"open","ping_status":"open","sticky":false,"template":"","format":"standard","meta":{"_jetpack_memberships_contains_paid_content":false,"footnotes":""},"categories":[7],"tags":[],"class_list":["post-22720","post","type-post","status-publish","format-standard","has-post-thumbnail","hentry","category-entretenimento"],"jetpack_featured_media_url":"https:\/\/www.oparanews.com.br\/wp-content\/uploads\/2022\/03\/Sem-titulodddddddddddd.png","jetpack_sharing_enabled":true,"_links":{"self":[{"href":"https:\/\/www.oparanews.com.br\/index.php\/wp-json\/wp\/v2\/posts\/22720","targetHints":{"allow":["GET"]}}],"collection":[{"href":"https:\/\/www.oparanews.com.br\/index.php\/wp-json\/wp\/v2\/posts"}],"about":[{"href":"https:\/\/www.oparanews.com.br\/index.php\/wp-json\/wp\/v2\/types\/post"}],"author":[{"embeddable":true,"href":"https:\/\/www.oparanews.com.br\/index.php\/wp-json\/wp\/v2\/users\/2"}],"replies":[{"embeddable":true,"href":"https:\/\/www.oparanews.com.br\/index.php\/wp-json\/wp\/v2\/comments?post=22720"}],"version-history":[{"count":1,"href":"https:\/\/www.oparanews.com.br\/index.php\/wp-json\/wp\/v2\/posts\/22720\/revisions"}],"predecessor-version":[{"id":22722,"href":"https:\/\/www.oparanews.com.br\/index.php\/wp-json\/wp\/v2\/posts\/22720\/revisions\/22722"}],"wp:featuredmedia":[{"embeddable":true,"href":"https:\/\/www.oparanews.com.br\/index.php\/wp-json\/wp\/v2\/media\/22721"}],"wp:attachment":[{"href":"https:\/\/www.oparanews.com.br\/index.php\/wp-json\/wp\/v2\/media?parent=22720"}],"wp:term":[{"taxonomy":"category","embeddable":true,"href":"https:\/\/www.oparanews.com.br\/index.php\/wp-json\/wp\/v2\/categories?post=22720"},{"taxonomy":"post_tag","embeddable":true,"href":"https:\/\/www.oparanews.com.br\/index.php\/wp-json\/wp\/v2\/tags?post=22720"}],"curies":[{"name":"wp","href":"https:\/\/api.w.org\/{rel}","templated":true}]}}