{"id":22746,"date":"2022-04-01T17:49:11","date_gmt":"2022-04-01T20:49:11","guid":{"rendered":"https:\/\/oparanews.com.br\/?p=22746"},"modified":"2022-04-01T17:49:11","modified_gmt":"2022-04-01T20:49:11","slug":"brasil-estreia-contra-a-servia-na-copa-do-mundo-2022","status":"publish","type":"post","link":"https:\/\/www.oparanews.com.br\/index.php\/2022\/04\/01\/brasil-estreia-contra-a-servia-na-copa-do-mundo-2022\/","title":{"rendered":"Brasil estreia contra a S\u00e9rvia na Copa do Mundo 2022"},"content":{"rendered":"<p>A Sele\u00e7\u00e3o Brasileira conheceu nesta sexta-feira, 1\u00ba, os seus primeiros advers\u00e1rios na caminhada para a conquista do sonhado hexacampeonato mundial no Catar. Cabe\u00e7a de chave do Grupo G, a equipe comandada por Tite deu sorte no sorteio e escapou de pedreiras, como Alemanha e Holanda, e vai ter pela frente S\u00e9rvia, Su\u00ed\u00e7a e Camar\u00f5es.<\/p>\n<p>&nbsp;<\/p>\n<p>A Copa do Mundo come\u00e7a no dia 21 de novembro e a primeira partida ser\u00e1 entre o anifitri\u00e3o Catar e o Equador. A final ser\u00e1 disputada no dia 18 de dezembro. \u00c9 a primeira vez que a competi\u00e7\u00e3o ser\u00e1 disputada no final do ano. A mudan\u00e7a no calend\u00e1rio foi necess\u00e1ria por causa das altas temperaturas no ver\u00e3o no Catar.<\/p>\n<p>&nbsp;<\/p>\n<p>O Brasil far\u00e1 sua estreia contra a S\u00e9rvia no dia 24 de novembro. Depois enfrentar\u00e1 a Sui\u00e7a no dia 28 do mesmo m\u00eas. O \u00faltimo jogo da 1\u00aa fase da Sele\u00e7\u00e3o ser\u00e1 contra Camar\u00f5es em 2 de dezembro.<\/p>\n<p>&nbsp;<\/p>\n<p>Antes do sorteio, que aconteceu no Centro de Exposi\u00e7\u00f5es e Conven\u00e7\u00f5es de Doha, a Fifa anunciou as regras: com exce\u00e7\u00e3o da Europa, pa\u00edses do mesmo continente n\u00e3o caem no mesmo grupo; \u00e9 poss\u00edvel no m\u00e1ximo duas sele\u00e7\u00f5es europeias por grupo; e os classificados da repescagem de junho v\u00e3o para o pote 4, mantendo o bloqueio de pra\u00e7a.<\/p>\n<p>&nbsp;<\/p>\n<p>O brasileiro Cafu foi um dos convidados para participar do sorteio da Copa. Veja os grupos:<\/p>\n<p>&nbsp;<\/p>\n<p><strong>Grupo A<\/strong><\/p>\n<p>Catar;<br \/>\nEquador;<br \/>\nSenegal;<br \/>\nHolanda.<\/p>\n<p><strong>Grupo B<\/strong><\/p>\n<p>Inglaterra;<br \/>\nIr\u00e3;<br \/>\nEstados Unidos;<br \/>\nPa\u00eds de Gales, Esc\u00f3cia ou Ucr\u00e2nia.<\/p>\n<p><strong>Grupo C<\/strong><\/p>\n<p>Argentina;<br \/>\nAr\u00e1bia Saudita;<br \/>\nM\u00e9xico;<br \/>\nPol\u00f4nia.<\/p>\n<p><strong>Grupo D<\/strong><\/p>\n<p>Fran\u00e7a;<br \/>\nEmirados \u00c1rabes, Austr\u00e1lia ou Peru;<br \/>\nDinamarca;<br \/>\nTun\u00edsia.<\/p>\n<p><strong>Grupo E<\/strong><\/p>\n<p>Espanha;<br \/>\nCosta Rica ou Nova Zel\u00e2ndia;<br \/>\nAlemanha;<br \/>\nJap\u00e3o.<\/p>\n<p><strong>Grupo F<\/strong><\/p>\n<p>B\u00e9lgica;<br \/>\nCanad\u00e1;<br \/>\nMarrocos;<br \/>\nCro\u00e1cia.<\/p>\n<p><strong>Grupo G<\/strong><\/p>\n<p>Brasil;<br \/>\nS\u00e9rvia;<br \/>\nSu\u00ed\u00e7a;<br \/>\nCamar\u00f5es.<\/p>\n<p><strong>Grupo H<\/strong><\/p>\n<p>Portugal;<br \/>\nGana;<br \/>\nUruguai;<br \/>\nCoreia do Sul.<\/p>\n<p>&nbsp;<\/p>\n<p>&nbsp;<\/p>\n<p><strong>por Aline K\u00fcller e Marcela Coelho &#8211; Terra<\/strong><\/p>\n","protected":false},"excerpt":{"rendered":"<p>A Sele\u00e7\u00e3o Brasileira conheceu nesta sexta-feira, 1\u00ba, os seus primeiros advers\u00e1rios na caminhada para a conquista do sonhado hexacampeonato mundial no Catar. Cabe\u00e7a de chave do Grupo G, a equipe comandada por Tite deu sorte no sorteio e escapou de pedreiras, como Alemanha e Holanda, e vai ter pela frente S\u00e9rvia, Su\u00ed\u00e7a e Camar\u00f5es. &nbsp; &hellip;<\/p>\n","protected":false},"author":2,"featured_media":22747,"comment_status":"open","ping_status":"open","sticky":false,"template":"","format":"standard","meta":{"_jetpack_memberships_contains_paid_content":false,"footnotes":""},"categories":[6],"tags":[],"class_list":["post-22746","post","type-post","status-publish","format-standard","has-post-thumbnail","hentry","category-esporte"],"jetpack_featured_media_url":"https:\/\/www.oparanews.com.br\/wp-content\/uploads\/2022\/04\/Sem-titulo-1.jpg","jetpack_sharing_enabled":true,"_links":{"self":[{"href":"https:\/\/www.oparanews.com.br\/index.php\/wp-json\/wp\/v2\/posts\/22746","targetHints":{"allow":["GET"]}}],"collection":[{"href":"https:\/\/www.oparanews.com.br\/index.php\/wp-json\/wp\/v2\/posts"}],"about":[{"href":"https:\/\/www.oparanews.com.br\/index.php\/wp-json\/wp\/v2\/types\/post"}],"author":[{"embeddable":true,"href":"https:\/\/www.oparanews.com.br\/index.php\/wp-json\/wp\/v2\/users\/2"}],"replies":[{"embeddable":true,"href":"https:\/\/www.oparanews.com.br\/index.php\/wp-json\/wp\/v2\/comments?post=22746"}],"version-history":[{"count":1,"href":"https:\/\/www.oparanews.com.br\/index.php\/wp-json\/wp\/v2\/posts\/22746\/revisions"}],"predecessor-version":[{"id":22748,"href":"https:\/\/www.oparanews.com.br\/index.php\/wp-json\/wp\/v2\/posts\/22746\/revisions\/22748"}],"wp:featuredmedia":[{"embeddable":true,"href":"https:\/\/www.oparanews.com.br\/index.php\/wp-json\/wp\/v2\/media\/22747"}],"wp:attachment":[{"href":"https:\/\/www.oparanews.com.br\/index.php\/wp-json\/wp\/v2\/media?parent=22746"}],"wp:term":[{"taxonomy":"category","embeddable":true,"href":"https:\/\/www.oparanews.com.br\/index.php\/wp-json\/wp\/v2\/categories?post=22746"},{"taxonomy":"post_tag","embeddable":true,"href":"https:\/\/www.oparanews.com.br\/index.php\/wp-json\/wp\/v2\/tags?post=22746"}],"curies":[{"name":"wp","href":"https:\/\/api.w.org\/{rel}","templated":true}]}}